{"id":911,"date":"2023-10-19T05:05:49","date_gmt":"2023-10-19T05:05:49","guid":{"rendered":"https:\/\/ciudadconalma.es\/madrid\/?p=911"},"modified":"2023-10-19T05:05:49","modified_gmt":"2023-10-19T05:05:49","slug":"teatro-y-musica-este-fin-de-semana-en-21distritos","status":"publish","type":"post","link":"https:\/\/ciudadconalma.es\/madrid\/teatro-y-musica-este-fin-de-semana-en-21distritos\/","title":{"rendered":"Teatro y m\u00fasica, este fin de semana en 21distritos"},"content":{"rendered":"<h1><strong>Teatro y m\u00fasica, este fin de semana en 21distritos<\/strong><\/h1>\n<h2>Este fin de semana, el teatro, la m\u00fasica y el dibujo ser\u00e1n protagonistas de las actividades ofrecidas por <em>21distritos<\/em>, el programa de dinamizaci\u00f3n cultural del \u00c1rea de Cultura, Turismo y Deporte del <a href=\"https:\/\/www.madrid.es\/portal\/site\/munimadrid\" target=\"_blank\" rel=\"noopener\">Ayuntamiento de Madrid<\/a> que lleva a todos los barrios propuestas art\u00edsticas de alta calidad, participativas, totalmente gratuitas y para todas las edades.<\/h2>\n<p>La agenda cultural comienza con dos funciones de la obra de teatro <em>Praga 1941. J\u00f3venes rubios no dejan de gritar frente a mi casa<\/em>, de la compa\u00f1\u00eda La Joven, que invita a reflexionar sobre el Holocausto, el temor a la enfermedad y la autocompasi\u00f3n. Esta obra, basada en los diarios de Petr Ginz (un chico jud\u00edo que asisti\u00f3 a los horrores de la ocupaci\u00f3n nazi en Praga), muestra c\u00f3mo Daniel, un ni\u00f1o del presente, descubre con incredulidad c\u00f3mo era la vida en las calles por las que \u00e9l pasea. Una experiencia teatral conmovedora y provocativa candidata al Premio Max en la categor\u00eda de \u2018Mejor espect\u00e1culo juvenil o familiar\u2019.\u00a0 La obra se representar\u00e1 en el Centro Cultural San Chinarro, del distrito de Hortaleza, el viernes 20, a las 12:00 y a las 19:00 horas.<\/p>\n<p>Tambi\u00e9n el viernes 20, a las 19:00 h, el escenario del Centro Cultural Santa Petronila, del distrito de Villaverde, acoger\u00e1 la obra de teatro <em>Wake up, woman<\/em>, del autor y director argentino Jorge Acebo, acerca de la violencia machista en la pareja, a la que dan vida Cecilia\u00a0 Sarli y Chema Coloma, y que se aleja de los t\u00f3picos para enfrentar al espectador a un viaje a la naturaleza humana; un texto que ha tenido muy buena acogida en todos los pa\u00edses donde ha sido estrenado hasta la fecha: Argentina, M\u00e9xico y Estados Unidos.<\/p>\n<figure id=\"attachment_912\" aria-describedby=\"caption-attachment-912\" style=\"width: 800px\" class=\"wp-caption aligncenter\"><img decoding=\"async\" loading=\"lazy\" class=\"size-full wp-image-912\" src=\"https:\/\/ciudadconalma.es\/madrid\/wp-content\/uploads\/sites\/2\/2023\/10\/lia-kali.jpg\" alt=\"21distritos\" width=\"800\" height=\"533\" srcset=\"https:\/\/ciudadconalma.es\/madrid\/wp-content\/uploads\/sites\/2\/2023\/10\/lia-kali.jpg 800w, https:\/\/ciudadconalma.es\/madrid\/wp-content\/uploads\/sites\/2\/2023\/10\/lia-kali-300x200.jpg 300w, https:\/\/ciudadconalma.es\/madrid\/wp-content\/uploads\/sites\/2\/2023\/10\/lia-kali-768x512.jpg 768w, https:\/\/ciudadconalma.es\/madrid\/wp-content\/uploads\/sites\/2\/2023\/10\/lia-kali-750x500.jpg 750w\" sizes=\"(max-width: 800px) 100vw, 800px\" \/><figcaption id=\"caption-attachment-912\" class=\"wp-caption-text\">Lia Kali<\/figcaption><\/figure>\n<p>El s\u00e1bado 21, a las 20:00 h, en Nave de Terneras, del distrito de Arganzuela, actuar\u00e1 la cantante Lia Kali, una de las voces m\u00e1s solicitadas del panorama musical actual, que deleitar\u00e1 al p\u00fablico con los temas de su \u00faltimo disco.<\/p>\n<p>Y el martes, d\u00eda 24, a las 10:00 h, en la Biblioteca del Centro Cultural La Elipa, del distrito de Ciudad Lineal, la conocida ilustradora Elisabeth Justicia, creadora del personaje \u2018Dominga habla sola\u2019, impartir\u00e1 el taller <em>Cosas que nunca dibujo &#8211; De la emoci\u00f3n al l\u00e1piz<\/em>, dirigido principalmente a mujeres a partir de 50 a\u00f1os. Durante cuatro horas y media, las asistentes aprender\u00e1n\u00a0nuevas formas de comunicar\u00a0practicando el dibujo y creando vi\u00f1etas que expresen opiniones, frustraciones o pensamientos a trav\u00e9s de un personaje creado desde cero. \/<\/p>\n<p><strong>\u00a0<\/strong><strong>Informaci\u00f3n en: <\/strong><a href=\"http:\/\/www.21distritos.es\" target=\"_blank\" rel=\"noopener\"><strong>www.21distritos.es<\/strong><\/a><\/p>\n","protected":false},"excerpt":{"rendered":"<p>Teatro y m\u00fasica, este fin de semana en 21distritos Este fin de semana, el teatro, la m\u00fasica y el dibujo ser\u00e1n protagonistas de las actividades ofrecidas por 21distritos, el programa de dinamizaci\u00f3n cultural del \u00c1rea de Cultura, Turismo y Deporte del Ayuntamiento de Madrid que lleva a todos los barrios propuestas art\u00edsticas de alta calidad, [&hellip;]<\/p>\n","protected":false},"author":3,"featured_media":913,"comment_status":"open","ping_status":"closed","sticky":false,"template":"","format":"standard","meta":[],"categories":[13],"tags":[227,171,29,235,116,150,158,309,192],"_links":{"self":[{"href":"https:\/\/ciudadconalma.es\/madrid\/wp-json\/wp\/v2\/posts\/911"}],"collection":[{"href":"https:\/\/ciudadconalma.es\/madrid\/wp-json\/wp\/v2\/posts"}],"about":[{"href":"https:\/\/ciudadconalma.es\/madrid\/wp-json\/wp\/v2\/types\/post"}],"author":[{"embeddable":true,"href":"https:\/\/ciudadconalma.es\/madrid\/wp-json\/wp\/v2\/users\/3"}],"replies":[{"embeddable":true,"href":"https:\/\/ciudadconalma.es\/madrid\/wp-json\/wp\/v2\/comments?post=911"}],"version-history":[{"count":1,"href":"https:\/\/ciudadconalma.es\/madrid\/wp-json\/wp\/v2\/posts\/911\/revisions"}],"predecessor-version":[{"id":914,"href":"https:\/\/ciudadconalma.es\/madrid\/wp-json\/wp\/v2\/posts\/911\/revisions\/914"}],"wp:featuredmedia":[{"embeddable":true,"href":"https:\/\/ciudadconalma.es\/madrid\/wp-json\/wp\/v2\/media\/913"}],"wp:attachment":[{"href":"https:\/\/ciudadconalma.es\/madrid\/wp-json\/wp\/v2\/media?parent=911"}],"wp:term":[{"taxonomy":"category","embeddable":true,"href":"https:\/\/ciudadconalma.es\/madrid\/wp-json\/wp\/v2\/categories?post=911"},{"taxonomy":"post_tag","embeddable":true,"href":"https:\/\/ciudadconalma.es\/madrid\/wp-json\/wp\/v2\/tags?post=911"}],"curies":[{"name":"wp","href":"https:\/\/api.w.org\/{rel}","templated":true}]}}