{"id":708,"date":"2023-08-16T05:21:00","date_gmt":"2023-08-16T05:21:00","guid":{"rendered":"https:\/\/ciudadconalma.es\/madrid\/?p=708"},"modified":"2023-08-16T05:21:00","modified_gmt":"2023-08-16T05:21:00","slug":"l-e-v-matadero-apichatpong-weerasethakul-y-animario-en-la-nueva-temporada-de-matadero-madrid","status":"publish","type":"post","link":"https:\/\/ciudadconalma.es\/madrid\/l-e-v-matadero-apichatpong-weerasethakul-y-animario-en-la-nueva-temporada-de-matadero-madrid\/","title":{"rendered":"L.E.V. Matadero, Apichatpong Weerasethakul y ANIMARIO, en la nueva temporada de Matadero Madrid"},"content":{"rendered":"<h1><strong>L.E.V. Matadero, Apichatpong Weerasethakul y ANIMARIO, en la nueva temporada de Matadero Madrid<\/strong><\/h1>\n<h2>Matadero Madrid, espacio del \u00c1rea de Cultura, Turismo y Deporte del Ayuntamiento de Madrid, ultima los detalles de la programaci\u00f3n con la que abrir\u00e1 temporada tras las vacaciones de verano. A partir de septiembre regresan las exposiciones a las naves 0 y 16, y las citas anuales con los festivales L.E.V. Matadero y ANIMARIO.<\/h2>\n<p><strong>\u00a0<\/strong>Adem\u00e1s, Intermediae Matadero retomar\u00e1 la actividad con <em>Clima Fitness<\/em>, la instalaci\u00f3n expositiva recientemente inaugurada con la que revisar la crisis clim\u00e1tica desde un nuevo enfoque. Medialab dar\u00e1 comienzo a las actividades del LAB#03 <em>Mentes Sint\u00e9ticas<\/em>, su tercer laboratorio de investigaci\u00f3n que gira en torno a la cognici\u00f3n distribuida, que trata de definir los mecanismos que se producen en los procesos cognitivos; la cibern\u00e9tica; las semi\u00f3ticas alien y otras formas de inteligencia que coexisten sobre el planeta. Y el Centro de Residencias Art\u00edsticas dar\u00e1 la bienvenida a los nuevos artistas residentes que, durante tres y seis meses, desarrollar\u00e1n sus proyectos en este marco de apoyo institucional.<\/p>\n<h3><strong>L.E.V Matadero, Festival de Electr\u00f3nica Visual y Realidades Extendidas<\/strong><\/h3>\n<p>El L.E.V. Matadero, comisariado por la plataforma Datatron y organizado por Matadero Madrid, celebra su quinta edici\u00f3n del 21 al 24 de septiembre para acercar al p\u00fablico madrile\u00f1o las experiencias m\u00e1s actuales del \u00e1mbito de la experimentaci\u00f3n audiovisual. En esta programaci\u00f3n, las \u00faltimas herramientas tecnol\u00f3gicas se ponen al servicio de algunas de las mentes m\u00e1s creativas del panorama nacional e internacional, dise\u00f1ando m\u00faltiples propuestas para diferentes espacios del recinto con las que sumergirse en mundos sonoros, visuales y digitales.<\/p>\n<p><strong>\u00a0<\/strong>La oferta en torno a las realidades extendidas volver\u00e1 a ser una de las l\u00edneas de programaci\u00f3n protagonista de esta edici\u00f3n a trav\u00e9s de las secciones Ciudad Aumentada y VORTEX. Los conciertos inmersivos y las propuestas audiovisuales, cuyas entradas ya est\u00e1n a la venta en la <a href=\"https:\/\/eur06.safelinks.protection.outlook.com\/?url=https%3A%2F%2Fwww.mataderomadrid.org%2Fprogramacion%2Flev-matadero-2023&amp;data=05%7C01%7Ccastroat%40madrid.es%7C4e8a4979c2eb4577945f08db94ce1ddd%7Cb4532aa618954964b9c022b14444271b%7C0%7C0%7C638267386304590167%7CUnknown%7CTWFpbGZsb3d8eyJWIjoiMC4wLjAwMDAiLCJQIjoiV2luMzIiLCJBTiI6Ik1haWwiLCJXVCI6Mn0%3D%7C3000%7C%7C%7C&amp;sdata=oKPFChljzcuGG%2BasIkWIMsboRmq8BBzAcl%2F3UoUwncQ%3D&amp;reserved=0\" target=\"_blank\" rel=\"noopener\">web de Matadero Madrid<\/a>, tendr\u00e1n lugar este a\u00f1o en Central de Dise\u00f1o y en el Auditorio de Casa del Lector. Adem\u00e1s, la Sala Plat\u00f3 de Cineteca Madrid y el centro de experiencias inmersivas de Madrid Artes Digitales vuelven a sumarse al festival acogiendo instalaciones audiovisuales. Como novedad de esta edici\u00f3n, la Plaza Matadero acoger\u00e1 una impactante <em>performance<\/em> de visita libre.<\/p>\n<h3><strong>Apichatpong Weerasethakul en Nave 16 y Jenna Sutela en Nave 0<\/strong><\/h3>\n<p>Bajo el t\u00edtulo de <em>Periferia de la noche<\/em>, la Nave 16 acoge, a partir del mes de octubre, una exposici\u00f3n con algunas de las mejores propuestas audiovisuales de Apichatpong Weerasethakul, cineasta tailand\u00e9s referente del cine experimental e independiente con una importante presencia en centros de arte de todo el mundo. Entre las muchas piezas breves que la exposici\u00f3n da a conocer se encuentran <em>Haiku<\/em> (2009), <em>The Palace<\/em> (2007), <em>Ashes<\/em> (2012) o <em>Phantoms of Nabua<\/em> (2009).<\/p>\n<p>Adem\u00e1s, el 29 de septiembre, la Nave 0 de Matadero Madrid inaugura una muestra de trabajos de Jenna Sutela titulada <em>Cosmolog\u00edas microbianas<\/em>, primera entrega de un nuevo ciclo expositivo <em>Imaginarios Sint\u00e9ticos<\/em> de Medialab. La exposici\u00f3n dedicada a la artista finlandesa re\u00fane una serie de tres piezas, tituladas <em>Holobiont<\/em>, <em>Milky Ways<\/em> y <em>Nimiia Cetii<\/em>, que examinan la relaci\u00f3n simbi\u00f3tica entre humanos y bacterias, as\u00ed como la influencia de los microorganismos en nuestra conciencia y percepci\u00f3n del mundo, en un viaje al interior de nuestro propio cuerpo.<\/p>\n<h3><strong>El LAB#03 de Medialab en torno a la AI y sus variantes<\/strong><\/h3>\n<p>El tercer laboratorio de Medialab Matadero, LAB#03 <em>Mentes Sint\u00e9ticas<\/em>, cuya tem\u00e1tica gira en torno a la cognici\u00f3n distribuida, que trata de definir los mecanismos que se producen en los procesos cognitivos, la cibern\u00e9tica, las semi\u00f3ticas alien y otras formas de inteligencia que coexisten sobre el planeta, redibuja las fronteras entre lo natural y lo artificial para hablar de la inteligencia en todas sus formas, confrontando y ampliando el debate en torno a la IA.<\/p>\n<p>Con su <a href=\"https:\/\/form.jotform.com\/231302512922342\" target=\"_blank\" rel=\"noopener\">convocatoria a proyectos<\/a>, actualmente abierta, Medialab abrir\u00e1 en septiembre la segunda fase de la convocatoria dirigida a ciudadanos de cualquier parte del mundo interesados en participar de esta reflexi\u00f3n. Junto a los mentores del programa, Bani Brusadin, Bogna Konior y Ed Keller, y a un grupo diverso de artistas, pensadores cr\u00edticos y expertos de varios campos, Medialab ofrece un programa de actividades abierto al p\u00fablico cuyas fechas y contenidos se publicar\u00e1n a partir de septiembre.<\/p>\n<p><img decoding=\"async\" loading=\"lazy\" class=\"aligncenter size-full wp-image-709\" src=\"https:\/\/ciudadconalma.es\/madrid\/wp-content\/uploads\/sites\/2\/2023\/08\/eventos-en-Madrid.jpg\" alt=\"Matadero Madrid \" width=\"800\" height=\"600\" srcset=\"https:\/\/ciudadconalma.es\/madrid\/wp-content\/uploads\/sites\/2\/2023\/08\/eventos-en-Madrid.jpg 800w, https:\/\/ciudadconalma.es\/madrid\/wp-content\/uploads\/sites\/2\/2023\/08\/eventos-en-Madrid-300x225.jpg 300w, https:\/\/ciudadconalma.es\/madrid\/wp-content\/uploads\/sites\/2\/2023\/08\/eventos-en-Madrid-768x576.jpg 768w, https:\/\/ciudadconalma.es\/madrid\/wp-content\/uploads\/sites\/2\/2023\/08\/eventos-en-Madrid-750x563.jpg 750w\" sizes=\"(max-width: 800px) 100vw, 800px\" \/><\/p>\n<h3><strong><em>Clima Fitness<\/em><\/strong><strong> o la adaptaci\u00f3n al cambio clim\u00e1tico<\/strong><\/h3>\n<p>Intermediae Matadero retomar\u00e1 en septiembre la actividad con <em>Clima Fitness<\/em>, la\u00a0instalaci\u00f3n expositiva recientemente inaugurada con la que revisar la crisis clim\u00e1tica desde el punto de vista de la adaptabilidad y sus din\u00e1micas. <em>Clima Fitness<\/em> cuenta con un dispositivo arquitect\u00f3nico de Igor Bragado y Miles Gertler (Common Accounts) y una exposici\u00f3n comisariada por Maite Borjabad con obras de Faysal Altunbozar, Itziar Barrio, Ibiye Camp, Irati Inoriza y Mary Maggic.<\/p>\n<p>En este marco, generando propuestas que exploran el rol de la arquitectura en el \u00e1mbito del arte social, Intermediae ha dise\u00f1ado un programa de actividades para profundizar en los conceptos integrados en la instalaci\u00f3n expositiva, que incluye un seminario de estudios cr\u00edticos, una convocatoria para obras de videoarte y otra segunda convocatoria para proyectos de investigaci\u00f3n, cuyas fechas y contenidos se dar\u00e1n a conocer en la nueva temporada.<\/p>\n<h3><strong>Cine y aminaci\u00f3n en Cineteca<\/strong><\/h3>\n<p>Cineteca Madrid volver\u00e1 a ofrecer en septiembre las habituales proyecciones en sala con un foco dedicado a la conjunci\u00f3n de cine y ciencia, revisando el cine mismo como experimento cient\u00edfico e incluyendo pel\u00edculas de cineastas como Jean Painlev\u00e9, Artavazd Pelechian, Stanley Kubrick, Ra\u00fal Ruiz o Christopher Nolan.<\/p>\n<p>Adem\u00e1s, del 26 al 29 de octubre, regresa ANIMARIO, el Festival Internacional de Animaci\u00f3n Contempor\u00e1nea de Madrid en su sexta edici\u00f3n, comisariado por Carolina L\u00f3pez y organizado por Cineteca Madrid y Matadero Madrid. Consolidado como un evento clave en el calendario cinematogr\u00e1fico de la ciudad, ANIMARIO volver\u00e1 a reunir a p\u00fablico y creadores en torno a una programaci\u00f3n nacional e internacional, con proyecciones, coloquios, encuentros y talleres, y este a\u00f1o tendr\u00e1 como protagonistas la nueva animaci\u00f3n portuguesa y la t\u00e9cnica del <em>pinscreen<\/em>, la pantalla de agujas inventada en la d\u00e9cada de los sesenta del pasado siglo por Alenxandre Alexeieff y Claire Parker.<\/p>\n<p>El festival apoya adem\u00e1s a los creadores del sector del cine animado con las convocatorias de sus dos premios: Premio ANIMARIO al Mejor Cortometraje Internacional y Premio ANIMARIO a la Producci\u00f3n de Animaci\u00f3n. Con la convocatoria al primero de ellos ya cerrada y en proceso de selecci\u00f3n de los cortometrajes que competir\u00e1n en la edici\u00f3n de este a\u00f1o, el festival mantiene abierta hasta el 3 de septiembre su segunda convocatoria, dirigida a proyectos nacionales de cortometraje independiente que quieran optar al galard\u00f3n, con una dotaci\u00f3n de 18.000 euros. La inscripci\u00f3n puede realizarse desde <a href=\"https:\/\/form.jotform.com\/231482622237352\" target=\"_blank\" rel=\"noopener\">este enlace<\/a>.<\/p>\n<p>Finalmente, el programa CineZeta, dirigido a j\u00f3venes de entre 18 y 26 a\u00f1os interesados en aprender el oficio de la programaci\u00f3n cinematogr\u00e1fica, formar\u00e1 un nuevo equipo que recibir\u00e1 su primera formaci\u00f3n en el \u00faltimo trimestre del a\u00f1o, antes de empezar a programar en enero de 2024. La <a href=\"https:\/\/www.mataderomadrid.org\/convocatorias\/convocatoria-cinezeta\" target=\"_blank\" rel=\"noopener\">s\u00e9ptima convocatoria para formar parte de su equipo de j\u00f3venes programadores<\/a> permanece abierta hasta el 3 de septiembre.<\/p>\n<h3><strong>\u00a0<\/strong><strong>Convocatorias abiertas<\/strong><\/h3>\n<p>El Centro de Residencias Art\u00edsticas, cuya tarea se centra en articular recursos y redes de apoyo al tejido creativo de la ciudad, mantiene abiertas durante el verano dos nuevas convocatorias: <a href=\"https:\/\/www.mataderomadrid.org\/convocatorias\/residencia-de-produccion-musical-para-bandas-y-artistas-solistas\" target=\"_blank\" rel=\"noopener\">producci\u00f3n musical para bandas y artistas solistas<\/a>, operativa hasta el 25 de septiembre y dirigida a bandas y a artistas solistas emergentes de la Comunidad de Madrid, y <a href=\"https:\/\/www.mataderomadrid.org\/convocatorias\/residencias-semestrales-para-artistas-visuales\" target=\"_blank\" rel=\"noopener\">residencias semestrales para artistas visuales<\/a>, abierta hasta el 11 de septiembre y dirigida a cuatro artistas visuales de la Comunidad de Madrid.<\/p>\n<p>Ambas convocatorias tienen como objetivos espec\u00edficos proporcionar espacios de trabajo, recursos econ\u00f3micos, seguimiento profesional, acompa\u00f1amiento institucional y visibilidad a los artistas seleccionados.<\/p>\n<p><strong>M\u00e1s informaci\u00f3n: <\/strong><a href=\"mailto:comunicacion@mataderomadrid.org\" target=\"_blank\" rel=\"noopener\"><strong>comunicacion@mataderomadrid.org<\/strong><\/a><\/p>\n","protected":false},"excerpt":{"rendered":"<p>L.E.V. Matadero, Apichatpong Weerasethakul y ANIMARIO, en la nueva temporada de Matadero Madrid Matadero Madrid, espacio del \u00c1rea de Cultura, Turismo y Deporte del Ayuntamiento de Madrid, ultima los detalles de la programaci\u00f3n con la que abrir\u00e1 temporada tras las vacaciones de verano. A partir de septiembre regresan las exposiciones a las naves 0 y [&hellip;]<\/p>\n","protected":false},"author":3,"featured_media":710,"comment_status":"open","ping_status":"closed","sticky":false,"template":"","format":"standard","meta":[],"categories":[13],"tags":[162,170,160,275,161,171,29,116,150],"_links":{"self":[{"href":"https:\/\/ciudadconalma.es\/madrid\/wp-json\/wp\/v2\/posts\/708"}],"collection":[{"href":"https:\/\/ciudadconalma.es\/madrid\/wp-json\/wp\/v2\/posts"}],"about":[{"href":"https:\/\/ciudadconalma.es\/madrid\/wp-json\/wp\/v2\/types\/post"}],"author":[{"embeddable":true,"href":"https:\/\/ciudadconalma.es\/madrid\/wp-json\/wp\/v2\/users\/3"}],"replies":[{"embeddable":true,"href":"https:\/\/ciudadconalma.es\/madrid\/wp-json\/wp\/v2\/comments?post=708"}],"version-history":[{"count":2,"href":"https:\/\/ciudadconalma.es\/madrid\/wp-json\/wp\/v2\/posts\/708\/revisions"}],"predecessor-version":[{"id":712,"href":"https:\/\/ciudadconalma.es\/madrid\/wp-json\/wp\/v2\/posts\/708\/revisions\/712"}],"wp:featuredmedia":[{"embeddable":true,"href":"https:\/\/ciudadconalma.es\/madrid\/wp-json\/wp\/v2\/media\/710"}],"wp:attachment":[{"href":"https:\/\/ciudadconalma.es\/madrid\/wp-json\/wp\/v2\/media?parent=708"}],"wp:term":[{"taxonomy":"category","embeddable":true,"href":"https:\/\/ciudadconalma.es\/madrid\/wp-json\/wp\/v2\/categories?post=708"},{"taxonomy":"post_tag","embeddable":true,"href":"https:\/\/ciudadconalma.es\/madrid\/wp-json\/wp\/v2\/tags?post=708"}],"curies":[{"name":"wp","href":"https:\/\/api.w.org\/{rel}","templated":true}]}}