{"id":567,"date":"2023-07-04T04:33:00","date_gmt":"2023-07-04T04:33:00","guid":{"rendered":"https:\/\/ciudadconalma.es\/madrid\/?p=567"},"modified":"2023-07-04T04:33:00","modified_gmt":"2023-07-04T04:33:00","slug":"el-teatro-de-titeres-de-el-retiro-estrena-su-programacion-de-verano","status":"publish","type":"post","link":"https:\/\/ciudadconalma.es\/madrid\/el-teatro-de-titeres-de-el-retiro-estrena-su-programacion-de-verano\/","title":{"rendered":"El Teatro de T\u00edteres de El Retiro estrena su programaci\u00f3n de verano"},"content":{"rendered":"<h1><strong>El Teatro de T\u00edteres de El Retiro estrena su programaci\u00f3n de verano<\/strong><\/h1>\n<h2>El pasado s\u00e1bado 1 de julio arranc\u00f3 la programaci\u00f3n de verano del Teatro de T\u00edteres de El Retiro con el ciclo <em>T\u00edtere de verano<\/em>, que se prolongar\u00e1 hasta el pr\u00f3ximo 20 de agosto. Durante ocho fines de semana se podr\u00e1 disfrutar de espect\u00e1culos especialmente seleccionados para estas fechas, que comenzar\u00e1n a las 20:00 horas, cuando el calor da un respiro y la sombra cubre toda la grada del teatro. Un total de 16 funciones de ocho compa\u00f1\u00edas \u2013dos de ellas madrile\u00f1as, cinco de otras comunidades y una internacional\u2013 participan en la programaci\u00f3n de esta instalaci\u00f3n del \u00c1rea de Cultura, Turismo y Deporte. Las entradas son gratuitas y estar\u00e1n disponibles en la web del teatro: <a href=\"https:\/\/teatrotiteresretiro.es\/\" target=\"_blank\" rel=\"noopener\">https:\/\/teatrotiteresretiro.es\/<\/a><\/h2>\n<p>Del 23 de agosto al 3 de septiembre tomar\u00e1 el relevo <em>\u00a1FIT Madriz!, <\/em>el ya veterano festival de verano de esta instalaci\u00f3n que ofrece una programaci\u00f3n para todo tipo de p\u00fablicos, desde peque\u00f1os a adultos.<\/p>\n<p><em>T\u00edtere de verano<\/em> comienza este fin de semana con el espect\u00e1culo <em>Blip y L\u00faa<\/em> de la compa\u00f1\u00eda madrile\u00f1a Jujuruj\u00fa Teatro. Un peque\u00f1o extraterrestre cae con su nave en la Tierra y L\u00faa, una ni\u00f1a de 9 a\u00f1os, tendr\u00e1 que ayudarle a volver a casa. Una historia divertida que resalta el poder de la amistad.<\/p>\n<h3><strong>Una historia de aventuras y piratas\u00a0\u00a0\u00a0\u00a0\u00a0\u00a0\u00a0\u00a0\u00a0\u00a0\u00a0\u00a0\u00a0\u00a0\u00a0\u00a0\u00a0\u00a0\u00a0\u00a0\u00a0\u00a0 <\/strong><\/h3>\n<p>El 8 y 9 de julio, la compa\u00f1\u00eda gallega Mircromina actuar\u00e1 con <em>Vacaciones en el mar<\/em>. En esta funci\u00f3n, Marina y Moncho tendr\u00e1n que enfrentarse al pirata Ollo Virollo para que les devuelva su barco y poder dar por fin la vuelta al mundo. Una historia de aventuras y piratas representada por el titiritero solista Ton Arenas, que al final del espect\u00e1culo mostrar\u00e1 al p\u00fablico todos los secretos de su teatrillo.<\/p>\n<p>El 15 y 16 de julio ser\u00e1 el turno de Teatro Arbol\u00e9, una compa\u00f1\u00eda aragonesa con m\u00e1s de 40 a\u00f1os de trayectoria.\u00a0 Representar\u00e1n el espect\u00e1culo <em>La biblioteca imaginaria<\/em>, que cierra una trilog\u00eda dedicada al mundo de las bibliotecas y de los libros que ha tenido un gran \u00e9xito.<\/p>\n<p>El 22 y 23 de julio llegar\u00e1 al Teatro de T\u00edteres del Retiro la compa\u00f1\u00eda andaluza La Gotera de Lazotea, otro de los grandes grupos de este pa\u00eds, que ofrecer\u00e1 su espect\u00e1culo <em>Trapito viajero<\/em>, lleno de m\u00fasica y humor. El trapito de un beb\u00e9 se pierde y tiene que viajar por medio mundo para conseguir encontrarse de nuevo con el ni\u00f1o.<\/p>\n<p>El 29 y 30 de julio se podr\u00e1 ver <em>Escondidos en la fuente<\/em>, de la compa\u00f1\u00eda uruguayo-andaluza \u00c1ngeles de Trapo. Un espect\u00e1culo sin palabras en el que se aborda el tema\u00a0de la contaminaci\u00f3n del agua y de los animales debido a los\u00a0desechos pl\u00e1sticos.<\/p>\n<p>El 5 y 6 de agosto llegan la m\u00fasica y los t\u00edteres al Teatro. La compa\u00f1\u00eda colombiana Teatro Comunidad ofrecer\u00e1 su <em>Concierto titiritero<\/em>, una selecci\u00f3n de rondas tradicionales comunes a Espa\u00f1a y Latinoam\u00e9rica.<\/p>\n<figure id=\"attachment_568\" aria-describedby=\"caption-attachment-568\" style=\"width: 800px\" class=\"wp-caption aligncenter\"><img decoding=\"async\" loading=\"lazy\" class=\"size-full wp-image-568\" src=\"https:\/\/ciudadconalma.es\/madrid\/wp-content\/uploads\/sites\/2\/2023\/07\/marionette-gcdee131e6_1280.jpg\" alt=\"Teatro de T\u00edteres de El Retiro\" width=\"800\" height=\"533\" srcset=\"https:\/\/ciudadconalma.es\/madrid\/wp-content\/uploads\/sites\/2\/2023\/07\/marionette-gcdee131e6_1280.jpg 800w, https:\/\/ciudadconalma.es\/madrid\/wp-content\/uploads\/sites\/2\/2023\/07\/marionette-gcdee131e6_1280-300x200.jpg 300w, https:\/\/ciudadconalma.es\/madrid\/wp-content\/uploads\/sites\/2\/2023\/07\/marionette-gcdee131e6_1280-768x512.jpg 768w, https:\/\/ciudadconalma.es\/madrid\/wp-content\/uploads\/sites\/2\/2023\/07\/marionette-gcdee131e6_1280-750x500.jpg 750w\" sizes=\"(max-width: 800px) 100vw, 800px\" \/><figcaption id=\"caption-attachment-568\" class=\"wp-caption-text\">Imagen de <a href=\"https:\/\/pixabay.com\/es\/users\/kallistii-5807414\/?utm_source=link-attribution&amp;utm_medium=referral&amp;utm_campaign=image&amp;utm_content=2470594\" target=\"_blank\" rel=\"noopener\">Marc Rickertsen<\/a> en <a href=\"https:\/\/pixabay.com\/es\/\/?utm_source=link-attribution&amp;utm_medium=referral&amp;utm_campaign=image&amp;utm_content=2470594\" target=\"_blank\" rel=\"noopener\">Pixabay<\/a><\/figcaption><\/figure>\n<h3><strong>\u00a0<\/strong><strong>Un <\/strong><strong>peculiar puesto d<\/strong><strong>e mercado <\/strong><\/h3>\n<p>El 12 y 13 de agosto, gracias a la compa\u00f1\u00eda Cazando Gamusinos, el teatro se convertir\u00e1 en un mercado de abastos. Con <em>\u00a1Ay, pera, perita, pera! <\/em>El p\u00fablico podr\u00e1 disfrutar de las locuras de Tomasa y su ayudante roquera en su peculiar puesto de mercado, donde todos los productos hablan: las peras, las patatas, los besugos\u2026, \u00a1incluso los chuletones!<\/p>\n<p>Y para cerrar el ciclo, el 19 y 20 de agosto llegar\u00e1 desde Catalu\u00f1a Xip Xap Teatre con <em>La verdadera historia de los tres cerditos<\/em>. No solo descubrir\u00e1n qu\u00e9 hay de verdad en este cuento, sino que adem\u00e1s podremos aprender unas cuantas palabras en ingl\u00e9s, \u00a1justo lo que se necesita para empezar a viajar!<\/p>\n<h3><strong>Vuelve \u00a1FIT Madriz!<\/strong><\/h3>\n<p>Como colof\u00f3n del verano, del 23 de agosto al 3 de septiembre vuelve <em>\u00a1FIT Madriz!<\/em>, el festival de verano del Teatro de T\u00edteres. Se representar\u00e1n 16 funciones de 12 compa\u00f1\u00edas. De los doce espect\u00e1culos que podr\u00e1n verse, cinco han sido premiados en alguna ocasi\u00f3n y tres est\u00e1n recomendados por la Red Espa\u00f1ola de Teatros, Auditorios, Circuitos y Festivales de titularidad p\u00fablica. Tambi\u00e9n se contar\u00e1 con dos talleres, uno impartido por Gaspare Nasuto, una de las grandes figuras del Pulcinella, el t\u00edtere tradicional italiano, y otro realizado por Jos\u00e9 Antonio Parre\u00f1o, Rodor\u00edn, que introducir\u00e1 a los asistentes en el mundo de la narraci\u00f3n oral y el teatro de t\u00edteres y objetos.<\/p>\n<p><em>\u00a1FIT Madriz! <\/em>es una ventana al teatro de t\u00edteres, visual y de objetos, donde convive la tradici\u00f3n con las propuestas m\u00e1s innovadoras y sorprendentes; un festival para todo tipo de p\u00fablicos, desde los m\u00e1s peque\u00f1os hasta los adultos.<\/p>\n","protected":false},"excerpt":{"rendered":"<p>El Teatro de T\u00edteres de El Retiro estrena su programaci\u00f3n de verano El pasado s\u00e1bado 1 de julio arranc\u00f3 la programaci\u00f3n de verano del Teatro de T\u00edteres de El Retiro con el ciclo T\u00edtere de verano, que se prolongar\u00e1 hasta el pr\u00f3ximo 20 de agosto. Durante ocho fines de semana se podr\u00e1 disfrutar de espect\u00e1culos [&hellip;]<\/p>\n","protected":false},"author":3,"featured_media":569,"comment_status":"open","ping_status":"closed","sticky":false,"template":"","format":"standard","meta":[],"categories":[13],"tags":[171,29,116,150,192,194,193],"_links":{"self":[{"href":"https:\/\/ciudadconalma.es\/madrid\/wp-json\/wp\/v2\/posts\/567"}],"collection":[{"href":"https:\/\/ciudadconalma.es\/madrid\/wp-json\/wp\/v2\/posts"}],"about":[{"href":"https:\/\/ciudadconalma.es\/madrid\/wp-json\/wp\/v2\/types\/post"}],"author":[{"embeddable":true,"href":"https:\/\/ciudadconalma.es\/madrid\/wp-json\/wp\/v2\/users\/3"}],"replies":[{"embeddable":true,"href":"https:\/\/ciudadconalma.es\/madrid\/wp-json\/wp\/v2\/comments?post=567"}],"version-history":[{"count":1,"href":"https:\/\/ciudadconalma.es\/madrid\/wp-json\/wp\/v2\/posts\/567\/revisions"}],"predecessor-version":[{"id":570,"href":"https:\/\/ciudadconalma.es\/madrid\/wp-json\/wp\/v2\/posts\/567\/revisions\/570"}],"wp:featuredmedia":[{"embeddable":true,"href":"https:\/\/ciudadconalma.es\/madrid\/wp-json\/wp\/v2\/media\/569"}],"wp:attachment":[{"href":"https:\/\/ciudadconalma.es\/madrid\/wp-json\/wp\/v2\/media?parent=567"}],"wp:term":[{"taxonomy":"category","embeddable":true,"href":"https:\/\/ciudadconalma.es\/madrid\/wp-json\/wp\/v2\/categories?post=567"},{"taxonomy":"post_tag","embeddable":true,"href":"https:\/\/ciudadconalma.es\/madrid\/wp-json\/wp\/v2\/tags?post=567"}],"curies":[{"name":"wp","href":"https:\/\/api.w.org\/{rel}","templated":true}]}}