{"id":516,"date":"2023-06-20T04:26:09","date_gmt":"2023-06-20T04:26:09","guid":{"rendered":"https:\/\/ciudadconalma.es\/madrid\/?p=516"},"modified":"2023-06-20T04:26:09","modified_gmt":"2023-06-20T04:26:09","slug":"llega-la-octava-edicion-de-cibeles-de-cine","status":"publish","type":"post","link":"https:\/\/ciudadconalma.es\/madrid\/llega-la-octava-edicion-de-cibeles-de-cine\/","title":{"rendered":"Llega la octava edici\u00f3n de Cibeles de Cine"},"content":{"rendered":"<h1><strong>Llega la octava edici\u00f3n de Cibeles de Cine<\/strong><\/h1>\n<h2>Cibeles de Cine, uno de los cines de verano de referencia de los madrile\u00f1os, celebrar\u00e1 su octava edici\u00f3n del 29 de junio al 14 de septiembre en la Galer\u00eda de Cristal de CentroCentro, espacio del \u00c1rea de Cultura, Turismo y Deporte del Ayuntamiento de Madrid, tras congregar en su pasada edici\u00f3n de 2022 a m\u00e1s de 25.000 espectadores.<\/h2>\n<p>El cartel de esta edici\u00f3n, a cargo del artista Octavio Terol, es un tributo al 70\u00ba aniversario de la inolvidable comedia rom\u00e1ntica <em>Vacaciones en Roma<\/em> (1953), dirigida por William Wyler con Gregory Peck y Audrey Hepburn. La edici\u00f3n se inaugurar\u00e1 con otro gran cl\u00e1sico, <em>Casablanca<\/em> (1942), el ic\u00f3nico drama rom\u00e1ntico dirigido por Michael Curtiz, protagonizado por Humphrey Bogart e Ingrid Bergman y ganadora del Oscar a Mejor Pel\u00edcula, Mejor Direcci\u00f3n y Mejor Guion Adaptado.<\/p>\n<p>Durante sus 11 semanas de duraci\u00f3n, este evento ofrecer\u00e1 una cuidada programaci\u00f3n compuesta por m\u00e1s de 70 pel\u00edculas, entre las que se encuentran grandes cl\u00e1sicos, t\u00edtulos de culto, pel\u00edculas para toda la familia, cine independiente y de autor, as\u00ed como los \u00faltimos \u00e9xitos de la temporada.<\/p>\n<p>Como novedad, destaca el homenaje a Warner Bros Pictures coincidiendo con su 100\u00ba aniversario. Para celebrarlo, Cibeles de Cine proyectar\u00e1 un ciclo donde cada semana se repasar\u00e1 la historia cinematogr\u00e1fica del m\u00edtico estudio de Hollywood con pel\u00edculas esenciales como la propia <em>Casablanca<\/em>, <em>Cantando bajo la lluvia<\/em>, <em>Rebelde sin causa<\/em>, <em>Con la muerte en los talones<\/em>, <em>2001: Una odisea en el espacio<\/em>, <em>Blade Runner<\/em>, <em>Gremlins<\/em>, <em>El Exorcista<\/em>, <em>Bitelch\u00fas<\/em> o <em>Los Goonies<\/em>. Adem\u00e1s, este a\u00f1o la exposici\u00f3n art\u00edstica que complementa la cartelera de cine tambi\u00e9n girar\u00e1 en torno al 100\u00ba aniversario de Warner Bros gracias a las im\u00e1genes cedidas por el archivo gr\u00e1fico del estudio.<\/p>\n<h3><strong>Numerosos \u00e9xitos de temporada nacionales e internacionales<\/strong><\/h3>\n<p>Dentro de la cartelera destacan desde los grandes \u00e9xitos de la temporada (<em>Babylon<\/em>, <em>Asteroid City<\/em>, <em>Los Fabelman<\/em>, <em>Misi\u00f3n Imposible: sentencia mortal<\/em>, <em>Barbie<\/em> u <em>Oppenheimer<\/em>) hasta el mejor cine independiente y de autor (<em>El tri\u00e1ngulo de la tristeza<\/em>, <em>Aftersun<\/em>, <em>La Ballena<\/em>, <em>Decision to leave<\/em>, <em>Las ocho monta\u00f1as<\/em>, <em>Mi Crimen<\/em>, <em>T\u00e1r <\/em>o <em>Living<\/em>), pasando por cine de culto de los 80 y 90 (<em>Dirty Dancing<\/em>, <em>El gran Lebowski<\/em>), y sesiones de t\u00edtulos nacionales (<em>As bestas<\/em>, <em>Modelo 77<\/em>, <em>20.000 especies de abejas<\/em>, <em>Asedio<\/em> o <em>Ramona<\/em>). Las sesiones de algunas de estas pel\u00edculas contar\u00e1n con la presencia de su equipo t\u00e9cnico y art\u00edstico. Adem\u00e1s, los s\u00e1bados ser\u00e1 el d\u00eda para toda la familia con pel\u00edculas como <em>Indiana Jones y el dial del destino<\/em>, <em>La Sirenita<\/em>, <em>Elemental <\/em>y los ya cl\u00e1sicos <em>La princesa prometida<\/em> o <em>Dentro del Laberinto<\/em>.<\/p>\n<p>Adem\u00e1s de las citadas <em>Vacaciones en Roma<\/em> y <em>El hombre mosca<\/em>, otras pel\u00edculas que celebrar\u00e1n aniversario en la pantalla de Cibeles de Cine son: <em>Ladr\u00f3n de bicicletas<\/em> (75\u00ba aniversario), <em>Ocho y medio<\/em> (60\u00ba aniversario), <em>El Golpe<\/em> (50\u00ba aniversario), <em>El esp\u00edritu de la colmena<\/em> (50\u00ba aniversario), <em>El Exorcista<\/em> (50\u00ba aniversario<em>), El Gran Lebowski<\/em> (25\u00ba aniversario) o <em>El milagro de P. Tinto<\/em> (25\u00ba aniversario).<\/p>\n<figure id=\"attachment_517\" aria-describedby=\"caption-attachment-517\" style=\"width: 800px\" class=\"wp-caption aligncenter\"><img decoding=\"async\" loading=\"lazy\" class=\"wp-image-517\" src=\"https:\/\/ciudadconalma.es\/madrid\/wp-content\/uploads\/sites\/2\/2023\/06\/spain-2708993_1280.jpg\" alt=\"Cibeles de Cine\" width=\"800\" height=\"533\" srcset=\"https:\/\/ciudadconalma.es\/madrid\/wp-content\/uploads\/sites\/2\/2023\/06\/spain-2708993_1280.jpg 1280w, https:\/\/ciudadconalma.es\/madrid\/wp-content\/uploads\/sites\/2\/2023\/06\/spain-2708993_1280-300x200.jpg 300w, https:\/\/ciudadconalma.es\/madrid\/wp-content\/uploads\/sites\/2\/2023\/06\/spain-2708993_1280-1024x682.jpg 1024w, https:\/\/ciudadconalma.es\/madrid\/wp-content\/uploads\/sites\/2\/2023\/06\/spain-2708993_1280-768x512.jpg 768w, https:\/\/ciudadconalma.es\/madrid\/wp-content\/uploads\/sites\/2\/2023\/06\/spain-2708993_1280-750x500.jpg 750w, https:\/\/ciudadconalma.es\/madrid\/wp-content\/uploads\/sites\/2\/2023\/06\/spain-2708993_1280-1140x760.jpg 1140w\" sizes=\"(max-width: 800px) 100vw, 800px\" \/><figcaption id=\"caption-attachment-517\" class=\"wp-caption-text\">Imagen de <a href=\"https:\/\/pixabay.com\/es\/users\/naknaknak-90985\/?utm_source=link-attribution&amp;utm_medium=referral&amp;utm_campaign=image&amp;utm_content=2708993\" target=\"_blank\" rel=\"noopener\">NakNakNak<\/a> en <a href=\"https:\/\/pixabay.com\/es\/\/?utm_source=link-attribution&amp;utm_medium=referral&amp;utm_campaign=image&amp;utm_content=2708993\" target=\"_blank\" rel=\"noopener\">Pixabay<\/a><\/figcaption><\/figure>\n<h3><strong>Cinetronik, cine mudo con espect\u00e1culo en vivo, y otros ciclos<\/strong><\/h3>\n<p>Otra de las novedades ser\u00e1 las sesiones Cinetronik, donde se combina el cine mudo con una banda sonora de m\u00fasica electr\u00f3nica en directo. Las pel\u00edculas que se podr\u00e1n ver en este vanguardista formato ser\u00e1n: <em>El gabinete del Doctor Caligari<\/em> con espect\u00e1culo en vivo de Caliza, <em>El hombre mosca<\/em> (100\u00ba aniversario) con espect\u00e1culo en vivo de Meneo, y <em>Nanuk, el esquimal<\/em> con Alex Aller.<\/p>\n<p>Adem\u00e1s, cada mi\u00e9rcoles se celebrar\u00e1 el Ciclo <em>SensaCine Presenta<\/em>, proyecciones que contar\u00e1n con la presencia del influyente cr\u00edtico de cine Alejandro G. Calvo, quien presentar\u00e1 desde grandes cl\u00e1sicos como <em>Los 400 golpes<\/em> o <em>El Gran Lebowski<\/em> a pel\u00edculas de actualidad como <em>Almas en pena de Inisherin<\/em> u <em>Oppenheimer<\/em>. Por otra parte, EL PA\u00cdS se une con una cuidada selecci\u00f3n de pel\u00edculas que se podr\u00e1n ver en <em>Sesi\u00f3n de cine EL PA\u00cdS<\/em>.<\/p>\n<p>TCM se suma a la propuesta apadrinando semanalmente las <em>TCM Nights<\/em>, con grandes t\u00edtulos cl\u00e1sicos como <em>Vacaciones en Roma<\/em>, <em>Ocho y medio<\/em>, <em>El ladr\u00f3n de bicicletas<\/em> o <em>El golpe<\/em>, entre otros. Y la revista Glamour participa con la iniciativa <em>Sala Glamour<\/em>, un programa de pel\u00edculas con un fuerte componente femenino y coloquios previos a la proyecci\u00f3n.<\/p>\n<p>Cibeles de Cine abrir\u00e1 sus puertas el pr\u00f3ximo 29 de junio hasta el 14 de septiembre. Durante 11 semanas ininterrumpidas (exceptuando el 1 de julio que permanecer\u00e1 cerrado), su horario de apertura ser\u00e1 de lunes a domingo a partir de las 20:00 horas. Las proyecciones arrancar\u00e1n a las 22:00 h. Desde las 20:00 h y hasta el inicio de la proyecci\u00f3n, los asistentes podr\u00e1n disfrutar de la zona de restauraci\u00f3n, de la exposici\u00f3n y eventos tem\u00e1ticos puntuales.<\/p>\n<p>El patio de butacas se compone de 650 sillas con cojines. La imagen es en alta definici\u00f3n y las pel\u00edculas se escuchan a trav\u00e9s de auriculares inal\u00e1mbricos que garantizan la inmersi\u00f3n y la calidad de la experiencia durante la proyecci\u00f3n.<\/p>\n<p>El precio de la entrada general de este cine de verano, organizado por CentroCentro y la empresa mk2, es de seis euros en la taquilla y siete euros online, y tambi\u00e9n existe la opci\u00f3n de entradas combinadas. \u00a0La programaci\u00f3n de julio y la venta de entradas ya est\u00e1 disponible en <a href=\"https:\/\/www.cibelesdecine.com\/es\/\" target=\"_blank\" rel=\"noopener\"><strong>cibelesdecine.com<\/strong><\/a><strong>. <\/strong>La propuesta de agosto y septiembre se anunciar\u00e1 pr\u00f3ximamente.<\/p>\n","protected":false},"excerpt":{"rendered":"<p>Llega la octava edici\u00f3n de Cibeles de Cine Cibeles de Cine, uno de los cines de verano de referencia de los madrile\u00f1os, celebrar\u00e1 su octava edici\u00f3n del 29 de junio al 14 de septiembre en la Galer\u00eda de Cristal de CentroCentro, espacio del \u00c1rea de Cultura, Turismo y Deporte del Ayuntamiento de Madrid, tras congregar [&hellip;]<\/p>\n","protected":false},"author":3,"featured_media":518,"comment_status":"open","ping_status":"closed","sticky":false,"template":"","format":"standard","meta":[],"categories":[13],"tags":[170,172,171,29,116,150,173],"_links":{"self":[{"href":"https:\/\/ciudadconalma.es\/madrid\/wp-json\/wp\/v2\/posts\/516"}],"collection":[{"href":"https:\/\/ciudadconalma.es\/madrid\/wp-json\/wp\/v2\/posts"}],"about":[{"href":"https:\/\/ciudadconalma.es\/madrid\/wp-json\/wp\/v2\/types\/post"}],"author":[{"embeddable":true,"href":"https:\/\/ciudadconalma.es\/madrid\/wp-json\/wp\/v2\/users\/3"}],"replies":[{"embeddable":true,"href":"https:\/\/ciudadconalma.es\/madrid\/wp-json\/wp\/v2\/comments?post=516"}],"version-history":[{"count":1,"href":"https:\/\/ciudadconalma.es\/madrid\/wp-json\/wp\/v2\/posts\/516\/revisions"}],"predecessor-version":[{"id":519,"href":"https:\/\/ciudadconalma.es\/madrid\/wp-json\/wp\/v2\/posts\/516\/revisions\/519"}],"wp:featuredmedia":[{"embeddable":true,"href":"https:\/\/ciudadconalma.es\/madrid\/wp-json\/wp\/v2\/media\/518"}],"wp:attachment":[{"href":"https:\/\/ciudadconalma.es\/madrid\/wp-json\/wp\/v2\/media?parent=516"}],"wp:term":[{"taxonomy":"category","embeddable":true,"href":"https:\/\/ciudadconalma.es\/madrid\/wp-json\/wp\/v2\/categories?post=516"},{"taxonomy":"post_tag","embeddable":true,"href":"https:\/\/ciudadconalma.es\/madrid\/wp-json\/wp\/v2\/tags?post=516"}],"curies":[{"name":"wp","href":"https:\/\/api.w.org\/{rel}","templated":true}]}}