{"id":502,"date":"2023-06-14T04:31:01","date_gmt":"2023-06-14T04:31:01","guid":{"rendered":"https:\/\/ciudadconalma.es\/madrid\/?p=502"},"modified":"2023-06-14T04:31:01","modified_gmt":"2023-06-14T04:31:01","slug":"ciclo-documental-de-cineteca-madrid-para-celebrar-el-dia-europeo-de-la-musica","status":"publish","type":"post","link":"https:\/\/ciudadconalma.es\/madrid\/ciclo-documental-de-cineteca-madrid-para-celebrar-el-dia-europeo-de-la-musica\/","title":{"rendered":"Ciclo documental de Cineteca Madrid para celebrar el D\u00eda Europeo de la m\u00fasica"},"content":{"rendered":"<h1><strong>Ciclo documental de Cineteca Madrid para celebrar el D\u00eda Europeo de la m\u00fasica<\/strong><\/h1>\n<h2>Ayer martes, 13 de junio, comienz\u00f3 en <a href=\"https:\/\/www.cinetecamadrid.com\/\" target=\"_blank\" rel=\"noopener\">Cineteca Madrid<\/a> un ciclo documental para celebrar el D\u00eda Europeo de la M\u00fasica. Hasta el d\u00eda 18, se proyectar\u00e1n seis t\u00edtulos en colaboraci\u00f3n con el Festival de Cine Documental de Barcelona (In-Edit). El centro es una de las sedes de la programaci\u00f3n dise\u00f1ada por el \u00c1rea de Cultura, Turismo y Deporte con motivo de esta gran fiesta cultural que se desarrollar\u00e1 tambi\u00e9n en otros espacios de la ciudad: <a href=\"https:\/\/www.mataderomadrid.org\/\" target=\"_blank\" rel=\"noopener\">Matadero Madrid<\/a>, Naves del Espa\u00f1ol en Matadero, Jardines de Sabatini, Auditorio Pilar de la Pe\u00f1a del distrito de Hortaleza y Centro de Cultura Contempor\u00e1nea Condeduque.<\/h2>\n<p><strong><em>In the Court of the Crimson King: King Crimson at 50 <\/em><\/strong>es el primer documental programado por Cineteca Madrid. Se proyectar\u00e1 hoy, a las 20:00 horas, en la Sala Plat\u00f3 y gira en torno al \u00e1lbum debut de la banda inglesa King Crimson. En la misma sala, el d\u00eda 14, a las 20:00 h., se podr\u00e1 ver <em><strong>El k\u00e1iser de la Atl\u00e1ntida<\/strong>,<\/em> que trata sobre la historia de dos m\u00fasicos que escribieron una \u00f3pera humor\u00edstica sobre Hitler mientras se encontraban presos en un campo de concentraci\u00f3n.<\/p>\n<p>La programaci\u00f3n contempla otros cuatro documentales: <strong><em>Omara<\/em><\/strong>, el 15, en la Sala Borau, a las 20:00 horas; <strong><em>Summer of Soul (\u2026or, when the revolution could not be televised)<\/em><\/strong>, el 16, en la Sala Plat\u00f3, a las 21:00 horas; <strong><em>Look at Me: XXXtentacion<\/em>,<\/strong> el 17, en la Sala Plat\u00f3, a las 19:00 horas y <strong><em>I Get Knocked Down<\/em><\/strong>, el 18, en la Sala Azcona, a las 20:00 horas.<\/p>\n<h3><strong>Fusi\u00f3n de g\u00e9neros musicales en Matadero Madrid<\/strong><\/h3>\n<p>El 17 de junio, los amantes de la m\u00fasica vibrar\u00e1n en Matadero Madrid con cuatro actuaciones gratuitas que fusionan g\u00e9neros musicales, nacionalidades y culturas. Los protagonistas ser\u00e1n la formaci\u00f3n <em>afrofunk<\/em> brit\u00e1nica Ibibio Sound Machine, a las 19:30 horas; el barcelon\u00e9s Muchachito Bombo Infierno y su proyecto al m\u00e1s puro estilo de Nueva Orleans, a las 21:00 horas; el <em>reggae<\/em> y <em>dub<\/em> del navarro Iseo &amp; Dodosound, a las 22:45 horas, y el tunecino Ammar 808 con su mezcla de ritmos electr\u00f3nicos, a las 00:15 horas. Mondo Sonoro es el organizador de esta jornada.<\/p>\n<p>Cuatro d\u00edas m\u00e1s tarde, el 21 de junio, d\u00eda oficial de la celebraci\u00f3n, a las 20:00 horas, se celebrar\u00e1 el concierto <em>Los cuencos cantores,<\/em> organizado por Naves del Espa\u00f1ol en Matadero. El artista Leonardo Echeverri ofrecer\u00e1 un concierto centrado en la vibraci\u00f3n de los cuencos tibetanos de cuarzo, dirigido a un p\u00fablico familiar al que se invita a asistir con su propia esterilla.<\/p>\n<figure id=\"attachment_503\" aria-describedby=\"caption-attachment-503\" style=\"width: 800px\" class=\"wp-caption aligncenter\"><img decoding=\"async\" loading=\"lazy\" class=\"size-full wp-image-503\" src=\"https:\/\/ciudadconalma.es\/madrid\/wp-content\/uploads\/sites\/2\/2023\/06\/audience-gd7937ced3_1280.jpg\" alt=\"D\u00eda Europeo de la m\u00fasica\" width=\"800\" height=\"533\" srcset=\"https:\/\/ciudadconalma.es\/madrid\/wp-content\/uploads\/sites\/2\/2023\/06\/audience-gd7937ced3_1280.jpg 800w, https:\/\/ciudadconalma.es\/madrid\/wp-content\/uploads\/sites\/2\/2023\/06\/audience-gd7937ced3_1280-300x200.jpg 300w, https:\/\/ciudadconalma.es\/madrid\/wp-content\/uploads\/sites\/2\/2023\/06\/audience-gd7937ced3_1280-768x512.jpg 768w, https:\/\/ciudadconalma.es\/madrid\/wp-content\/uploads\/sites\/2\/2023\/06\/audience-gd7937ced3_1280-750x500.jpg 750w\" sizes=\"(max-width: 800px) 100vw, 800px\" \/><figcaption id=\"caption-attachment-503\" class=\"wp-caption-text\">Imagen de <a href=\"https:\/\/pixabay.com\/es\/users\/pexels-2286921\/?utm_source=link-attribution&amp;utm_medium=referral&amp;utm_campaign=image&amp;utm_content=1867754\" target=\"_blank\" rel=\"noopener\">Pexels<\/a> en <a href=\"https:\/\/pixabay.com\/es\/\/?utm_source=link-attribution&amp;utm_medium=referral&amp;utm_campaign=image&amp;utm_content=1867754\" target=\"_blank\" rel=\"noopener\">Pixabay<\/a><\/figcaption><\/figure>\n<h3><strong>Concierto gratuito de La Banda Sinf\u00f3nica Municipal<\/strong><\/h3>\n<p>Ese mismo d\u00eda, la Banda Sinf\u00f3nica Municipal de Madrid ofrecer\u00e1 un concierto gratuito en los jardines de Sabatini, a las 20:30 horas. Integrada por m\u00e1s de 80 profesores y con la direcci\u00f3n de Jan Cober, estrenar\u00e1 la <em>Obertura por Los Derechos Humanos<\/em> del compositor Juan Antonio Simarro. Adem\u00e1s, tocar\u00e1n <em>Fanfarre for a comon<\/em> <em>men<\/em>, de Aaron Coplan; la <em>Obertura de La fuerza del destino<\/em>, de Verdi; <em>Aladdin suite op 34<\/em>, de Carl Nielsen; <em>Del Perell\u00f3 A Catarroja<\/em>, de Francisco Serrano; <em>M\u00fasica de cine<\/em>, de Nino Rota; el preludio de <em>El Bateo<\/em>, de Federico Chueca y <em>Viva Navarra<\/em>, de Joaqu\u00edn Larregla.<\/p>\n<h3><strong>Banda de la Federaci\u00f3n de Bandas de la Comunidad de Madrid<\/strong><\/h3>\n<p>Tambi\u00e9n el 21 de junio, a las 20:00 horas, la banda de la Federaci\u00f3n de Bandas de la Comunidad de Madrid celebrar\u00e1 un concierto gratuito en el Auditorio Pilar de la Pe\u00f1a del distrito de Hortaleza. M\u00e1s de 50 m\u00fasicos participar\u00e1n en el concierto, dividido en dos partes. En la primera, la banda interpretar\u00e1 el pasodoble de apertura de <em>Cielo Andaluz,<\/em>\u00a0de Pascual Marquina; <em>La Torre del Oro<\/em>, del sevillano Ger\u00f3nimo Gim\u00e9nez y los cinco movimientos de la\u00a0<em>Suite Fran\u00e7aise,\u00a0<\/em>de Darius Milhaud. El pasodoble <em>Brisas de M\u00e1laga<\/em>, de Pascual Marquina abrir\u00e1 la segunda parte. A continuaci\u00f3n, los m\u00fasicos tocar\u00e1n <em>Hispania<\/em>, de \u00d3scar Navarro; <em>Pablo!<\/em>, de Richard Meyer y\u00a0<em>Circus Scenes<\/em>, de Andrew Pearce.<\/p>\n<h3><strong>\u00a0<\/strong><strong>M\u00fasica electr\u00f3nica en Condeduque<\/strong><\/h3>\n<p>Tambi\u00e9n con motivo del D\u00eda Europeo de la M\u00fasica, el Centro de Cultura Contempor\u00e1nea Condeduque celebrar\u00e1 el 24 de junio, a las 22:30 horas, el espect\u00e1culo audiovisual <em>Spirit Exit<\/em>. Ser\u00e1 el cierre del festival de m\u00fasica electr\u00f3nica experimental <em>Soundset Series<\/em> y estar\u00e1 ofrecido por la artista Caterina Barbieri en el patio central del centro.<\/p>\n<h3><strong>Madrid en Vivo<\/strong><\/h3>\n<p>Madrid en Vivo colabora con el Ayuntamiento en la organizaci\u00f3n de conciertos en la semana del 17 al 24 de junio. Se ha programado un amplio abanico de propuestas de <em>pop\/rock, indie, funk, rock <\/em>alternativo, flamenco, <em>jazz, blues <\/em>y m\u00fasica electr\u00f3nica los d\u00edas 21, 22 y 23 de junio.<\/p>\n<p>&nbsp;<\/p>\n<p>A cual de estos eventos pens\u00e1is asistir??. Os leemos en los comentarios!!<\/p>\n","protected":false},"excerpt":{"rendered":"<p>Ciclo documental de Cineteca Madrid para celebrar el D\u00eda Europeo de la m\u00fasica Ayer martes, 13 de junio, comienz\u00f3 en Cineteca Madrid un ciclo documental para celebrar el D\u00eda Europeo de la M\u00fasica. Hasta el d\u00eda 18, se proyectar\u00e1n seis t\u00edtulos en colaboraci\u00f3n con el Festival de Cine Documental de Barcelona (In-Edit). El centro es [&hellip;]<\/p>\n","protected":false},"author":3,"featured_media":504,"comment_status":"open","ping_status":"closed","sticky":false,"template":"","format":"standard","meta":[],"categories":[13],"tags":[162,160,161,159,29,116,150],"_links":{"self":[{"href":"https:\/\/ciudadconalma.es\/madrid\/wp-json\/wp\/v2\/posts\/502"}],"collection":[{"href":"https:\/\/ciudadconalma.es\/madrid\/wp-json\/wp\/v2\/posts"}],"about":[{"href":"https:\/\/ciudadconalma.es\/madrid\/wp-json\/wp\/v2\/types\/post"}],"author":[{"embeddable":true,"href":"https:\/\/ciudadconalma.es\/madrid\/wp-json\/wp\/v2\/users\/3"}],"replies":[{"embeddable":true,"href":"https:\/\/ciudadconalma.es\/madrid\/wp-json\/wp\/v2\/comments?post=502"}],"version-history":[{"count":1,"href":"https:\/\/ciudadconalma.es\/madrid\/wp-json\/wp\/v2\/posts\/502\/revisions"}],"predecessor-version":[{"id":505,"href":"https:\/\/ciudadconalma.es\/madrid\/wp-json\/wp\/v2\/posts\/502\/revisions\/505"}],"wp:featuredmedia":[{"embeddable":true,"href":"https:\/\/ciudadconalma.es\/madrid\/wp-json\/wp\/v2\/media\/504"}],"wp:attachment":[{"href":"https:\/\/ciudadconalma.es\/madrid\/wp-json\/wp\/v2\/media?parent=502"}],"wp:term":[{"taxonomy":"category","embeddable":true,"href":"https:\/\/ciudadconalma.es\/madrid\/wp-json\/wp\/v2\/categories?post=502"},{"taxonomy":"post_tag","embeddable":true,"href":"https:\/\/ciudadconalma.es\/madrid\/wp-json\/wp\/v2\/tags?post=502"}],"curies":[{"name":"wp","href":"https:\/\/api.w.org\/{rel}","templated":true}]}}