{"id":1831,"date":"2024-07-05T06:55:30","date_gmt":"2024-07-05T06:55:30","guid":{"rendered":"https:\/\/ciudadconalma.es\/madrid\/?p=1831"},"modified":"2024-07-05T06:55:30","modified_gmt":"2024-07-05T06:55:30","slug":"naves-de-matadero-estrena-en-madrid-guardianes-del-corazon-de-la-tierra","status":"publish","type":"post","link":"https:\/\/ciudadconalma.es\/madrid\/naves-de-matadero-estrena-en-madrid-guardianes-del-corazon-de-la-tierra\/","title":{"rendered":"Naves de Matadero estrena en Madrid Guardianes del coraz\u00f3n de la tierra"},"content":{"rendered":"<h1><strong>Naves de Matadero estrena en Madrid <em>Guardianes del coraz\u00f3n de la tierra espect\u00e1culo en torno a la comunidad ind\u00edgena del Amazonas <\/em><\/strong><\/h1>\n<h2>Naves de Matadero, espacio del \u00c1rea de Cultura, Turismo y Deporte, presenta el estreno en Madrid de <em>Guardianes del coraz\u00f3n de la tierra<\/em>, espect\u00e1culo de teatro documento de la compa\u00f1\u00eda La Conquesta del Pol Sud que podr\u00e1 verse en la Sala Fernando Arrabal en cinco \u00fanicas funciones, del 10 al 14 de julio.<\/h2>\n<p>Con dramaturgia de Carles Fern\u00e1ndez Giua, Eugenio Szwarcer, Txana Bane y Gabriela Olivera, y direcci\u00f3n de Fern\u00e1ndez Giua, <em>Guardianes del coraz\u00f3n de la tierra <\/em>sigue el viaje de vuelta a sus or\u00edgenes de Txana Bane, un miembro de la comunidad Huni Kuin de la Amazonia brasile\u00f1a. En ese largo recorrido, los miembros de La Conquesta del Pol Sud comparten con el p\u00fablico su propia transformaci\u00f3n a ra\u00edz del di\u00e1logo con otra cultura. El espect\u00e1culo est\u00e1 protagonizado por Txana Bane Huni Kuin, Gabriela Olivera, Carles Fern\u00e1ndez Giua y Eugenio Szwarcer.<\/p>\n<p>El viaje de Bane parte del coraz\u00f3n de Alemania, lugar donde reside la mitad del a\u00f1o, hasta el interior de la selva, en el estado de Acre en Brasil, uno de los lugares m\u00e1s remotos de la Amazonia. El montaje busca compartir ese viaje con el p\u00fablico, experimentando el impacto que produce en la mentalidad occidental el acceso a otras formas de ver el mundo, la naturaleza y el ser humano. Las aldeas de la zona, amenazadas por la crisis ecol\u00f3gica y la explotaci\u00f3n de los recursos naturales, deben decidir si abrirse al exterior, la tecnolog\u00eda, el etnoturismo y el mercado.<\/p>\n<p>Siguiendo su l\u00ednea de fusionar investigaci\u00f3n period\u00edstica y creaci\u00f3n esc\u00e9nica, La Conquesta de Pol Sud documenta el viaje de vuelta a sus or\u00edgenes de Bane para confrontar al espectador con la visi\u00f3n del mundo de las culturas amaz\u00f3nicas, un enfoque de la relaci\u00f3n entre el ser humano y la tierra muy distinta de la del pensamiento occidental. Gabriela Olivera, acr\u00f3bata y bailarina de origen peruano, participa tambi\u00e9n en este testimonio sobre las relaciones entre capitalismo, colonialismo y la crisis ecol\u00f3gica global.<\/p>\n<p><img decoding=\"async\" loading=\"lazy\" class=\"aligncenter size-full wp-image-1833\" src=\"https:\/\/ciudadconalma.es\/madrid\/wp-content\/uploads\/sites\/2\/2024\/07\/Guardianes-del-corazon-01.jpg\" alt=\"Guardianes del coraz\u00f3n de la tierra\" width=\"800\" height=\"571\" srcset=\"https:\/\/ciudadconalma.es\/madrid\/wp-content\/uploads\/sites\/2\/2024\/07\/Guardianes-del-corazon-01.jpg 800w, https:\/\/ciudadconalma.es\/madrid\/wp-content\/uploads\/sites\/2\/2024\/07\/Guardianes-del-corazon-01-300x214.jpg 300w, https:\/\/ciudadconalma.es\/madrid\/wp-content\/uploads\/sites\/2\/2024\/07\/Guardianes-del-corazon-01-768x548.jpg 768w, https:\/\/ciudadconalma.es\/madrid\/wp-content\/uploads\/sites\/2\/2024\/07\/Guardianes-del-corazon-01-120x86.jpg 120w, https:\/\/ciudadconalma.es\/madrid\/wp-content\/uploads\/sites\/2\/2024\/07\/Guardianes-del-corazon-01-350x250.jpg 350w, https:\/\/ciudadconalma.es\/madrid\/wp-content\/uploads\/sites\/2\/2024\/07\/Guardianes-del-corazon-01-750x535.jpg 750w\" sizes=\"(max-width: 800px) 100vw, 800px\" \/><\/p>\n<h3><strong>Txana Bane: de la Amazonia al coraz\u00f3n de Europa<\/strong><\/h3>\n<p>Bane, de la comunidad Huni Kuin (\u201cla gente de la tierra\u201d, en su lengua) naci\u00f3 en el coraz\u00f3n de la selva amaz\u00f3nica, nieto e hijo de destacados militantes en la lucha por los derechos ind\u00edgenas. Es un \u2018Txana\u2019, alguien que \u201ccura\u201d a trav\u00e9s de la m\u00fasica y las canciones sagradas. Su vida discurre entre Alemania, de donde es originaria su compa\u00f1era, y la comunidad que han fundado juntos en el territorio Huni Kuin, a las orillas del r\u00edo Tarauac\u00e1, en el estado brasile\u00f1o de Acre. Bane es un puente viviente entre culturas que lucha en el campo del activismo ecol\u00f3gico y divulga la cultura milenaria de los Huni Kuin: una visi\u00f3n que parte de un v\u00ednculo muy poderoso con la naturaleza y, en concreto, con la selva amaz\u00f3nica.<\/p>\n<p>Alternando an\u00e1lisis y emoci\u00f3n,<em> Guardianes del coraz\u00f3n de la tierra <\/em>es un poema esc\u00e9nico que combina m\u00fasica, pensamiento y danza con la tradicional mirada documental de La Conquesta del Pol Sud dirigida a buscar un nexo entre la experiencia individual y lo colectivo.<\/p>\n<p><em>Guardianes del coraz\u00f3n de la tierra<\/em> es una coproducci\u00f3n de La Conquesta del Pol Sud, La Villarroel, Teatro Espa\u00f1ol, Grec Festival de Barcelona 2023 y KVS con el apoyo de ICEC- Institut Catal\u00e0 de les Empreses Culturals y la colaboraci\u00f3n del Ayuntamiento de Terrassa y la Nau Ivanow, con dramaturgia de Carles Fern\u00e1ndez Giua, Eugenio Szwarcer, Txana Bane y Gabriela Olivera, direcci\u00f3n de Fern\u00e1ndez Giua, protagonizada por Txana Bane Huni Kuin, Gabriela Olivera, Carles F. Giua y Eugenio Szwarcer, con dise\u00f1o de espacio esc\u00e9nico y audiovisuales de Eugenio Szwarcer, dise\u00f1o de iluminaci\u00f3n de Natalia Ramos, dise\u00f1o de espacio sonoro de Damien Bazin, m\u00fasica de Txana Bane Huni Kuin, movimiento de Roser L\u00f3pez Espinosa y maquinaria y desarrollo t\u00e9cnico de Luis Mart\u00ed.<\/p>\n<p><a href=\"https:\/\/www.teatroespanol.es\/guardianes-del-corazon-de-la-tierra\" target=\"_blank\" rel=\"noopener\"><strong>COMPRAR ENTRADAS<\/strong><\/a><\/p>\n<p><img decoding=\"async\" loading=\"lazy\" class=\"aligncenter size-full wp-image-1832\" src=\"https:\/\/ciudadconalma.es\/madrid\/wp-content\/uploads\/sites\/2\/2024\/07\/Guardianes-del-corazon-02.jpg\" alt=\"Guardianes del coraz\u00f3n de la tierra\" width=\"800\" height=\"571\" srcset=\"https:\/\/ciudadconalma.es\/madrid\/wp-content\/uploads\/sites\/2\/2024\/07\/Guardianes-del-corazon-02.jpg 800w, https:\/\/ciudadconalma.es\/madrid\/wp-content\/uploads\/sites\/2\/2024\/07\/Guardianes-del-corazon-02-300x214.jpg 300w, https:\/\/ciudadconalma.es\/madrid\/wp-content\/uploads\/sites\/2\/2024\/07\/Guardianes-del-corazon-02-768x548.jpg 768w, https:\/\/ciudadconalma.es\/madrid\/wp-content\/uploads\/sites\/2\/2024\/07\/Guardianes-del-corazon-02-120x86.jpg 120w, https:\/\/ciudadconalma.es\/madrid\/wp-content\/uploads\/sites\/2\/2024\/07\/Guardianes-del-corazon-02-350x250.jpg 350w, https:\/\/ciudadconalma.es\/madrid\/wp-content\/uploads\/sites\/2\/2024\/07\/Guardianes-del-corazon-02-750x535.jpg 750w\" sizes=\"(max-width: 800px) 100vw, 800px\" \/><\/p>\n","protected":false},"excerpt":{"rendered":"<p>Naves de Matadero estrena en Madrid Guardianes del coraz\u00f3n de la tierra espect\u00e1culo en torno a la comunidad ind\u00edgena del Amazonas Naves de Matadero, espacio del \u00c1rea de Cultura, Turismo y Deporte, presenta el estreno en Madrid de Guardianes del coraz\u00f3n de la tierra, espect\u00e1culo de teatro documento de la compa\u00f1\u00eda La Conquesta del Pol [&hellip;]<\/p>\n","protected":false},"author":3,"featured_media":1834,"comment_status":"open","ping_status":"closed","sticky":false,"template":"","format":"standard","meta":[],"categories":[13],"tags":[161,29,328,603,116,150,309,192],"_links":{"self":[{"href":"https:\/\/ciudadconalma.es\/madrid\/wp-json\/wp\/v2\/posts\/1831"}],"collection":[{"href":"https:\/\/ciudadconalma.es\/madrid\/wp-json\/wp\/v2\/posts"}],"about":[{"href":"https:\/\/ciudadconalma.es\/madrid\/wp-json\/wp\/v2\/types\/post"}],"author":[{"embeddable":true,"href":"https:\/\/ciudadconalma.es\/madrid\/wp-json\/wp\/v2\/users\/3"}],"replies":[{"embeddable":true,"href":"https:\/\/ciudadconalma.es\/madrid\/wp-json\/wp\/v2\/comments?post=1831"}],"version-history":[{"count":1,"href":"https:\/\/ciudadconalma.es\/madrid\/wp-json\/wp\/v2\/posts\/1831\/revisions"}],"predecessor-version":[{"id":1835,"href":"https:\/\/ciudadconalma.es\/madrid\/wp-json\/wp\/v2\/posts\/1831\/revisions\/1835"}],"wp:featuredmedia":[{"embeddable":true,"href":"https:\/\/ciudadconalma.es\/madrid\/wp-json\/wp\/v2\/media\/1834"}],"wp:attachment":[{"href":"https:\/\/ciudadconalma.es\/madrid\/wp-json\/wp\/v2\/media?parent=1831"}],"wp:term":[{"taxonomy":"category","embeddable":true,"href":"https:\/\/ciudadconalma.es\/madrid\/wp-json\/wp\/v2\/categories?post=1831"},{"taxonomy":"post_tag","embeddable":true,"href":"https:\/\/ciudadconalma.es\/madrid\/wp-json\/wp\/v2\/tags?post=1831"}],"curies":[{"name":"wp","href":"https:\/\/api.w.org\/{rel}","templated":true}]}}