{"id":1785,"date":"2024-06-28T00:00:21","date_gmt":"2024-06-28T00:00:21","guid":{"rendered":"https:\/\/ciudadconalma.es\/madrid\/?p=1785"},"modified":"2024-06-28T00:00:21","modified_gmt":"2024-06-28T00:00:21","slug":"libros-recomendados-para-leer-en-verano","status":"publish","type":"post","link":"https:\/\/ciudadconalma.es\/madrid\/libros-recomendados-para-leer-en-verano\/","title":{"rendered":"Libros recomendados para leer en verano"},"content":{"rendered":"<h1><strong>Libros recomendados para leer en verano<\/strong><\/h1>\n<h2>\u00bfHay algo m\u00e1s placentero que sumergirse en un buen libro mientras disfrutas del sol, la playa y una limonada bien fr\u00eda? \u00a1Lo dudamos! Ya sea que est\u00e9s planeando unas vacaciones en una paradis\u00edaca playa, un retiro en la monta\u00f1a o simplemente disfrutar del aire acondicionado en casa, el verano es la temporada perfecta para devorar historias fascinantes.<\/h2>\n<p>En este art\u00edculo, hemos recopilado una lista de libros que son tan refrescantes como un chapuz\u00f3n en la piscina. Prep\u00e1rate para aventuras \u00e9picas, romances que te har\u00e1n suspirar y misterios que te mantendr\u00e1n al borde de tu asiento. As\u00ed que, ponte c\u00f3modo en tu hamaca, ajusta tus gafas de sol y acomp\u00e1\u00f1anos en este viaje literario. \u00a1Tu verano est\u00e1 a punto de volverse mucho m\u00e1s emocionante! \ud83c\udf34\ud83d\udcd6\ud83c\udf79<\/p>\n<h3><a href=\"https:\/\/www.planetadelibros.com\/libro-buenos-dias-tristeza\/88325\" target=\"_blank\" rel=\"noopener\"><strong>Buenos d\u00edas, tristeza de Fran\u00e7oise Sagan<\/strong><\/a><\/h3>\n<p>La novela, publicada en 1954, es ideal para el verano, ya que la Costa Azul francesa juega un papel crucial en la historia. La protagonista, C\u00e9cile, pasa el verano con su padre en una villa junto al Mediterr\u00e1neo. En medio del aroma salado del mar, los pinos y el sol, C\u00e9cile se enfrenta a la exploraci\u00f3n y el descubrimiento de nuevos sentimientos, como el remordimiento y el placer, adem\u00e1s de la constante melancol\u00eda por el pasado y el temor al futuro que implica crecer.<\/p>\n<h3><a href=\"https:\/\/www.despertaferro-ediciones.com\/revistas\/numero\/el-ultimo-mogol-el-ocaso-de-los-emperadores-de-la-india-1857-william-dalrymple\/\" target=\"_blank\" rel=\"noopener\"><strong>El \u00faltimo mogol de William Dalrymple<\/strong><\/a><\/h3>\n<p>Dalrymple, uno de los mejores escritores de viajes de su generaci\u00f3n, se ha dedicado a escribir sobre la historia de la India con un pulso narrativo excepcional. En este libro, nos lleva de viaje a los tiempos del gran levantamiento que comenz\u00f3 con el mot\u00edn de los cipayos en 1857, un evento que cambi\u00f3 el destino del subcontinente. Para ello, Dalrymple se sumergi\u00f3 en los Archivos Nacionales de la India, donde encontr\u00f3 documentos in\u00e9ditos. El \u00faltimo emperador mogol, Shah Zafar II, descendiente de Tamerl\u00e1n, jug\u00f3 un papel crucial en este c\u00e9lebre mot\u00edn. Al leer, parece que estemos all\u00ed, viviendo esos momentos hist\u00f3ricos.<\/p>\n<h3><a href=\"https:\/\/nordicalibros.com\/product\/vestida-de-corto\/\" target=\"_blank\" rel=\"noopener\"><strong>Vestida de corto de Marie Gauthier<\/strong><\/a><\/h3>\n<p>F\u00e9lix, un chico de catorce a\u00f1os, es aprendiz y vive en la casa de su jefe. En esa misma casa tambi\u00e9n reside Gilberte, una joven de diecis\u00e9is a\u00f1os que trabaja en el supermercado. En su tiempo libre, Gilberte suele desaparecer con hombres. F\u00e9lix, fascinado por ella, pasa sus d\u00edas esperando una mirada o una se\u00f1al de su parte. Esta intrigante historia gan\u00f3 en 2019 el Premio Goncourt de Primera Novela.<\/p>\n<h3><a href=\"https:\/\/www.anagrama-ed.es\/libro\/narrativas-hispanicas\/cauterio\/9788433999467\/NH_690\" target=\"_blank\" rel=\"noopener\"><strong>Cauterio de Luc\u00eda Lijtmaer<\/strong><\/a><\/h3>\n<p>Dos mujeres, separadas por cuatrocientos a\u00f1os, protagonizan esta fascinante historia. Una vive en la Am\u00e9rica del siglo XVII y la otra en la Barcelona actual. Mientras una est\u00e1 muerta y la otra lucha contra la depresi\u00f3n, sus relatos de desarraigo se alternan y convergen inesperadamente al final. La traici\u00f3n amorosa y su sanaci\u00f3n, el machismo arraigado y el imperativo de la resistencia atraviesan las \u00e9pocas, creando una especie de sororidad transhist\u00f3rica. Es una novela inteligentemente escrita y muy bien tejida, que aborda el dolor y la opresi\u00f3n con maestr\u00eda.<\/p>\n<h3><a href=\"https:\/\/www.casadellibro.com\/libro-el-verano-en-que-mi-madre-tuvo-los-ojos-verdes\/9788417553036\/9179705\" target=\"_blank\" rel=\"noopener\"><strong>El verano en que mi madre tuvo los ojos verdes \u00a0de Tatiana Tibuleac<\/strong><\/a><\/h3>\n<p>Aleksy, el protagonista de &#8216;El verano en que mi madre tuvo los ojos verdes&#8217;, rememora el \u00faltimo verano que pas\u00f3 con su madre. Este recuerdo es parte de la recomendaci\u00f3n de su psiquiatra para superar el bloqueo art\u00edstico que sufre como pintor. Para ello, Aleksy se sumerge en las emociones que lo sacudieron durante ese verano en un pintoresco pueblecito franc\u00e9s, buscando en el pasado las claves para su recuperaci\u00f3n creativa.<\/p>\n<h3><a href=\"https:\/\/www.planetadelibros.com\/libro-el-infierno\/381850#soporte\/399000\" target=\"_blank\" rel=\"noopener\"><strong>El Infierno de Carmen Mola<\/strong><\/a><\/h3>\n<p>Un terrible levantamiento del ej\u00e9rcito contra la reina Isabel II ti\u00f1e de sangre las calles de Madrid, sumiendo a la ciudad en el horror. Entre ca\u00f1onazos y disparos, Leonor, una bailarina, y Mauro, un estudiante de Medicina, se ven envueltos en un homicidio que marcar\u00e1 sus vidas para siempre.<\/p>\n<p>Para evitar la prisi\u00f3n o la muerte, Leonor se ve obligada a huir a La Habana. Sin embargo, al llegar, descubre que este supuesto para\u00edso no es lo que esperaba. Las plantaciones de az\u00facar y los ingenios esconden la tragedia de un esclavismo a\u00fan muy vivo. Entre los esclavos, reaparece Mauro, pero puede que ya sea demasiado tarde para recuperar su amor.<\/p>\n<p>En un intento desesperado por escapar de ese infierno, ambos descubrir\u00e1n que el ingenio donde se encuentran oculta una cruel trama de asesinatos que sigue un rito ancestral brutalmente feroz.<\/p>\n<p><img decoding=\"async\" loading=\"lazy\" class=\"aligncenter size-full wp-image-1787\" src=\"https:\/\/ciudadconalma.es\/madrid\/wp-content\/uploads\/sites\/2\/2024\/06\/El-Infierno-de-Carmen-Mola.jpg\" alt=\"Libros recomendados para leer en verano\" width=\"800\" height=\"1240\" srcset=\"https:\/\/ciudadconalma.es\/madrid\/wp-content\/uploads\/sites\/2\/2024\/06\/El-Infierno-de-Carmen-Mola.jpg 800w, https:\/\/ciudadconalma.es\/madrid\/wp-content\/uploads\/sites\/2\/2024\/06\/El-Infierno-de-Carmen-Mola-194x300.jpg 194w, https:\/\/ciudadconalma.es\/madrid\/wp-content\/uploads\/sites\/2\/2024\/06\/El-Infierno-de-Carmen-Mola-661x1024.jpg 661w, https:\/\/ciudadconalma.es\/madrid\/wp-content\/uploads\/sites\/2\/2024\/06\/El-Infierno-de-Carmen-Mola-768x1190.jpg 768w, https:\/\/ciudadconalma.es\/madrid\/wp-content\/uploads\/sites\/2\/2024\/06\/El-Infierno-de-Carmen-Mola-750x1163.jpg 750w\" sizes=\"(max-width: 800px) 100vw, 800px\" \/><\/p>\n<h3><a href=\"https:\/\/www.planetadelibros.com\/libro-romper-el-circulo-it-ends-with-us\/350156\" target=\"_blank\" rel=\"noopener\"><strong>Romper el c\u00edrculo de Colleen Hoover<\/strong><\/a><\/h3>\n<p>Lily no siempre ha tenido una vida f\u00e1cil, pero eso nunca le ha impedido luchar por sus sue\u00f1os. Ha recorrido un largo camino para llegar donde est\u00e1 ahora, y su vida da un giro inesperado el d\u00eda que conoce a Ryle Kincaid, un neurocirujano extraordinario. Ryle es asertivo, terco, tal vez incluso un poco arrogante, pero tambi\u00e9n es sensible, tremendamente atractivo y brillante. Adem\u00e1s, tiene una debilidad total por ella. A pesar de que todo en \u00e9l parece perfecto, su aversi\u00f3n a las relaciones es un gran obst\u00e1culo. Cuando Lily se da cuenta de que ella es la excepci\u00f3n a su regla de \u00abno tener citas\u00bb, no puede evitar preguntarse por qu\u00e9 ha tomado esa decisi\u00f3n.<\/p>\n<h3><a href=\"https:\/\/www.planetadelibros.com\/libro-el-verano-sin-hombres\/315491\" target=\"_blank\" rel=\"noopener\"><strong>El verano sin hombres de Siri Hustvedt<\/strong><\/a><\/h3>\n<p>Despu\u00e9s de treinta a\u00f1os de matrimonio, el esposo de Mia le pide una \u201cpausa\u201d, lo que en realidad significa que tiene una aventura con otra mujer. Esta inesperada revelaci\u00f3n provoca una crisis en Mia, quien termina ingresada en un hospital. Tras recibir el alta, decide regresar a la ciudad de su infancia, Bonden, donde se prepara para vivir un verano inolvidable.<\/p>\n<h3><a href=\"https:\/\/www.planetadelibros.com\/libro-el-angel-de-la-ciudad\/372089\" target=\"_blank\" rel=\"noopener\"><strong>El \u00c1ngel de la Ciudad de Eva Garc\u00eda S\u00e1enz de Urturi<\/strong><\/a><\/h3>\n<p>Un espl\u00e9ndido y decadente palazzo se incendia en una peque\u00f1a isla veneciana durante un encuentro de la Liga de Libreros Anticuarios. Los cuerpos de los invitados, todos conocidos de Kraken, no se encuentran entre los escombros, y se sospecha que su madre, \u00cdtaca, estuvo involucrada en el incendio, al igual que en un suceso similar d\u00e9cadas atr\u00e1s. Mientras tanto, en Vitoria, la inspectora Est\u00edbaliz investiga un caso que podr\u00eda revelar las claves del atraco que acab\u00f3 con la vida del padre de Kraken. Sin embargo, Unai es reacio a volver a la investigaci\u00f3n activa y siente que debe elegir entre descubrir la verdad sobre lo que les sucedi\u00f3 a sus padres o cuidar de la familia que ha formado con Alba y su hija Deba.<\/p>\n<h3><a href=\"https:\/\/www.amazon.es\/dp\/8420473898\/?tag=cnesvog232-21\" target=\"_blank\" rel=\"noopener\"><strong>Ll\u00e1mame por tu nombre de Andr\u00e9 Aciman<\/strong><\/a><\/h3>\n<p>La novela de Andr\u00e9 Aciman es un relato magistral sobre el primer amor. Con la historia de Elio y Oliver, ha logrado desafiar los prejuicios y las barreras de la homosexualidad. Ambientada en Crema, un pueblo del norte de Italia, durante el verano de 1983, cada p\u00e1gina de esta obra tiene el poder de transportarte directamente a ese momento \u00fanico y conmovedor.<\/p>\n<p><img decoding=\"async\" loading=\"lazy\" class=\"aligncenter size-full wp-image-1786\" src=\"https:\/\/ciudadconalma.es\/madrid\/wp-content\/uploads\/sites\/2\/2024\/06\/Llamame-por-tu-nombre.jpg\" alt=\"Libros recomendados para leer en verano\" width=\"800\" height=\"1264\" srcset=\"https:\/\/ciudadconalma.es\/madrid\/wp-content\/uploads\/sites\/2\/2024\/06\/Llamame-por-tu-nombre.jpg 800w, https:\/\/ciudadconalma.es\/madrid\/wp-content\/uploads\/sites\/2\/2024\/06\/Llamame-por-tu-nombre-190x300.jpg 190w, https:\/\/ciudadconalma.es\/madrid\/wp-content\/uploads\/sites\/2\/2024\/06\/Llamame-por-tu-nombre-648x1024.jpg 648w, https:\/\/ciudadconalma.es\/madrid\/wp-content\/uploads\/sites\/2\/2024\/06\/Llamame-por-tu-nombre-768x1213.jpg 768w, https:\/\/ciudadconalma.es\/madrid\/wp-content\/uploads\/sites\/2\/2024\/06\/Llamame-por-tu-nombre-750x1185.jpg 750w\" sizes=\"(max-width: 800px) 100vw, 800px\" \/><\/p>\n<p>En definitiva, estos libros son la compa\u00f1\u00eda perfecta para tus d\u00edas de verano, ya sea que prefieras aventuras vibrantes, romances apasionantes o historias que te transporten a lugares lejanos y emocionantes. No importa d\u00f3nde te encuentres este verano, aseg\u00farate de tener uno de estos libros cerca para disfrutar de horas de lectura absorbente bajo el sol o a la sombra de un \u00e1rbol. \u00a1Prep\u00e1rate para dejarte llevar por historias que har\u00e1n que tus vacaciones sean a\u00fan m\u00e1s memorables!<\/p>\n<p>Para m\u00e1s informaci\u00f3n<\/p>\n<p><img decoding=\"async\" loading=\"lazy\" class=\"aligncenter size-full wp-image-1788\" src=\"https:\/\/ciudadconalma.es\/madrid\/wp-content\/uploads\/sites\/2\/2024\/06\/Plumagica-Editorial-logo-400.jpg\" alt=\"Libros recomendados para leer en verano\" width=\"400\" height=\"136\" srcset=\"https:\/\/ciudadconalma.es\/madrid\/wp-content\/uploads\/sites\/2\/2024\/06\/Plumagica-Editorial-logo-400.jpg 400w, https:\/\/ciudadconalma.es\/madrid\/wp-content\/uploads\/sites\/2\/2024\/06\/Plumagica-Editorial-logo-400-300x102.jpg 300w\" sizes=\"(max-width: 400px) 100vw, 400px\" \/><\/p>\n<p><strong>Web<\/strong>:\u00a0<a href=\"https:\/\/grupoplumagica.com\/plumagica-editorial\/\" target=\"_blank\" rel=\"noopener\">Plum\u00e1gica Editorial<\/a><\/p>\n<p><strong>Email<\/strong>: info@grupoplumagica.com<\/p>\n<p><strong>Tel\u00e9fono<\/strong>: 951505096 \u2013 650431026<\/p>\n","protected":false},"excerpt":{"rendered":"<p>Libros recomendados para leer en verano \u00bfHay algo m\u00e1s placentero que sumergirse en un buen libro mientras disfrutas del sol, la playa y una limonada bien fr\u00eda? \u00a1Lo dudamos! Ya sea que est\u00e9s planeando unas vacaciones en una paradis\u00edaca playa, un retiro en la monta\u00f1a o simplemente disfrutar del aire acondicionado en casa, el verano [&hellip;]<\/p>\n","protected":false},"author":3,"featured_media":1789,"comment_status":"open","ping_status":"closed","sticky":false,"template":"","format":"standard","meta":[],"categories":[228],"tags":[161,279,347,280,229,230,593,294,334],"_links":{"self":[{"href":"https:\/\/ciudadconalma.es\/madrid\/wp-json\/wp\/v2\/posts\/1785"}],"collection":[{"href":"https:\/\/ciudadconalma.es\/madrid\/wp-json\/wp\/v2\/posts"}],"about":[{"href":"https:\/\/ciudadconalma.es\/madrid\/wp-json\/wp\/v2\/types\/post"}],"author":[{"embeddable":true,"href":"https:\/\/ciudadconalma.es\/madrid\/wp-json\/wp\/v2\/users\/3"}],"replies":[{"embeddable":true,"href":"https:\/\/ciudadconalma.es\/madrid\/wp-json\/wp\/v2\/comments?post=1785"}],"version-history":[{"count":1,"href":"https:\/\/ciudadconalma.es\/madrid\/wp-json\/wp\/v2\/posts\/1785\/revisions"}],"predecessor-version":[{"id":1790,"href":"https:\/\/ciudadconalma.es\/madrid\/wp-json\/wp\/v2\/posts\/1785\/revisions\/1790"}],"wp:featuredmedia":[{"embeddable":true,"href":"https:\/\/ciudadconalma.es\/madrid\/wp-json\/wp\/v2\/media\/1789"}],"wp:attachment":[{"href":"https:\/\/ciudadconalma.es\/madrid\/wp-json\/wp\/v2\/media?parent=1785"}],"wp:term":[{"taxonomy":"category","embeddable":true,"href":"https:\/\/ciudadconalma.es\/madrid\/wp-json\/wp\/v2\/categories?post=1785"},{"taxonomy":"post_tag","embeddable":true,"href":"https:\/\/ciudadconalma.es\/madrid\/wp-json\/wp\/v2\/tags?post=1785"}],"curies":[{"name":"wp","href":"https:\/\/api.w.org\/{rel}","templated":true}]}}