{"id":1733,"date":"2024-06-03T01:55:05","date_gmt":"2024-06-03T01:55:05","guid":{"rendered":"https:\/\/ciudadconalma.es\/madrid\/?p=1733"},"modified":"2024-06-03T01:55:05","modified_gmt":"2024-06-03T01:55:05","slug":"piano-city-madrid-llenara-de-musica-en-vivo-la-ciudad-con-62-conciertos-gratuitos","status":"publish","type":"post","link":"https:\/\/ciudadconalma.es\/madrid\/piano-city-madrid-llenara-de-musica-en-vivo-la-ciudad-con-62-conciertos-gratuitos\/","title":{"rendered":"Piano City Madrid llenar\u00e1 de m\u00fasica en vivo la ciudad con 62 conciertos gratuitos"},"content":{"rendered":"<h1><strong>Piano City Madrid llenar\u00e1 de m\u00fasica en vivo la ciudad con 62 conciertos gratuitos<\/strong><\/h1>\n<h2>Piano City Madrid volver\u00e1 a llenar de m\u00fasica en vivo las calles y los espacios culturales de la ciudad durante los d\u00edas 7, 8 y 9 de junio, un fin de semana en el que se concentrar\u00e1n 62 conciertos gratuitos con el piano como protagonista. La delegada de Cultura, Turismo y Deporte, Marta Rivera de la Cruz, ha presentado hoy la tercera edici\u00f3n de este festival internacional, junto a su director art\u00edstico, Carmelo DiGennaro.<\/h2>\n<p>\u201cQueremos poner la cultura y la m\u00fasica al alcance de todos\u201d, ha aseverado Rivera de la Cruz, quien ha destacado la gratuidad y el n\u00famero de escenarios, 10 en total, \u201ctodos cerca de paradas de metro y autob\u00fas\u201d. Tambi\u00e9n ha hecho referencia a la diversidad de estilos para todos los gustos, con m\u00fasica cl\u00e1sica, pero tambi\u00e9n jazz, jazz-flamenco, m\u00fasica contempor\u00e1nea y electr\u00f3nica y ritmos caribe\u00f1os, entre otros.<\/p>\n<p>El evento, organizado por TopArtEspa\u00f1a en colaboraci\u00f3n con el \u00c1rea de Cultura, Turismo y Deporte del Ayuntamiento de Madrid, y con el patrocinio principal de Plenitude, contar\u00e1 con la participaci\u00f3n de cerca de 70 m\u00fasicos espa\u00f1oles y extranjeros, consagrados y j\u00f3venes talentos, entre los que se pone de manifiesto una destacada presencia femenina y un amplio rango de edades, desde 16 hasta 60 a\u00f1os.<\/p>\n<p>Adem\u00e1s, el festival cuenta este a\u00f1o por primera vez con la presencia del pianista alem\u00e1n ideador del proyecto Piano City, Andreas Kern, que tocar\u00e1 s\u00e1bado 8 de junio en el Espacio Cultural Serrer\u00eda Belga.<\/p>\n<p>Como suele ser habitual, a trav\u00e9s de la programaci\u00f3n se presenta el piano como instrumento completo y vers\u00e1til, capaz de expresarse solo o bien acompa\u00f1ado por otros instrumentos.<\/p>\n<p>Entre los escenarios, que ser\u00e1n al aire libre y en teatros y auditorios de centros culturales p\u00fablicos y privados, se encuentran CentroCentro, el Centro de Cultura Contempor\u00e1nea Condeduque, la Plaza Matadero y el Espacio Cultural Serrer\u00eda Belga, dependientes del Ayuntamiento de Madrid.<\/p>\n<p>Piano City Madrid arrancar\u00e1 el viernes 7 de junio &#8211; a las 19:00 horas en el auditorio de CentroCentro, con un homenaje a la cultura europea de la mano de la pianista espa\u00f1ola Susana G\u00f3mez V\u00e1zquez, que presenta su nuevo proyecto <em>Hermanas de la luna<\/em>, dedicado a mujeres compositoras, m\u00e1s y menos conocidas. Seguir\u00e1n Paulo Pacheco, protagonista de una velada portuguesa de m\u00fasica rom\u00e1ntica y contempor\u00e1nea, y el pianista italiano Roberto Prosseda, que vuelve a Madrid para rendir homenaje al gran Ennio Morricone.<\/p>\n<p><img decoding=\"async\" loading=\"lazy\" class=\"aligncenter size-full wp-image-1735\" src=\"https:\/\/ciudadconalma.es\/madrid\/wp-content\/uploads\/sites\/2\/2024\/05\/Piano-City-Madrid-CentroCentro.jpg\" alt=\"Piano City Madrid\" width=\"800\" height=\"450\" srcset=\"https:\/\/ciudadconalma.es\/madrid\/wp-content\/uploads\/sites\/2\/2024\/05\/Piano-City-Madrid-CentroCentro.jpg 800w, https:\/\/ciudadconalma.es\/madrid\/wp-content\/uploads\/sites\/2\/2024\/05\/Piano-City-Madrid-CentroCentro-300x169.jpg 300w, https:\/\/ciudadconalma.es\/madrid\/wp-content\/uploads\/sites\/2\/2024\/05\/Piano-City-Madrid-CentroCentro-768x432.jpg 768w, https:\/\/ciudadconalma.es\/madrid\/wp-content\/uploads\/sites\/2\/2024\/05\/Piano-City-Madrid-CentroCentro-750x422.jpg 750w\" sizes=\"(max-width: 800px) 100vw, 800px\" \/><\/p>\n<h3><strong>D\u00fao de piano<\/strong><\/h3>\n<p>Quien acuda al Centro de Cultura Contempor\u00e1nea Condeduque, el s\u00e1bado 8 de junio por la tarde, podr\u00e1 disfrutar de algunos maravillosos di\u00e1logos entre dos teclados. El d\u00fao Scarb\u00f3, formado por Laura S\u00e1nchez y Cristina Lucio Villegas, propone <em>Danzas del sur. Tango, Brasileira y Vito<\/em>, con la m\u00fasica de Astor Piazzolla. M\u00e1s cl\u00e1sico y contempor\u00e1neo es el programa del Eclectic Piano D\u00fao, formado por Jos\u00e9 Ram\u00f3n Garc\u00eda y Francisco Fierro, que quieren ofrecer una experiencia renovada del concierto como espacio de creaci\u00f3n e improvisaci\u00f3n, tocando p\u00e1ginas de Rachmaninov y Copland. A\u00fan m\u00e1s ins\u00f3lita ser\u00e1 la propuesta de Mario Prisuelos y Federico Lechner: una lectura in\u00e9dita, entre cl\u00e1sica y jazz, del repertorio del compositor rumano Giorgy Ligety.<\/p>\n<h3><strong>Jazz mezclado con flamenco y ritmos latinos en Matadero Madrid<\/strong><\/h3>\n<p>En el magn\u00edfico espacio de la Plaza Central en Matadero se montar\u00e1 el Escenario Plenitude, que el s\u00e1bado 8 se convertir\u00e1 en una aut\u00e9ntica fiesta de jazz, mezclado con flamenco y ritmos latinos. A los pianistas espa\u00f1oles Pablo Rub\u00e9n Maldonado y Chico P\u00e9rez se sumar\u00e1 la afamada int\u00e9rprete cubana Marialy Pacheco, que por la tarde del mismo d\u00eda tocar\u00e1 previamente en Conde Duque.<\/p>\n<p>El domingo, sin embargo, el protagonista absoluto en Matadero ser\u00e1 The Art of the Trio, formado por el pianista Mario Fierro, junto a Alejandra L\u00f3pez al contrabajo y Pier Bruera a la bater\u00eda, que presentar\u00e1 <em>Inicio<\/em>, proyecto con m\u00fasicas originales. El valenciano Alex Conde se exhibir\u00e1 en una noche de jazz flamenco, con Pablo Mart\u00edn Caminero al bajo y Micha Olivera a la bater\u00eda. Cerrar\u00e1 la velada Mar\u00eda Parra, madrina de la tercera edici\u00f3n de Piano City Madrid, que con su Trio (Miguel Rodriga\u00f1ez al bajo y Gonzalo Maestre a la bater\u00eda) presentar\u00e1 <em>Intuition,<\/em> su \u00faltima grabaci\u00f3n.<\/p>\n<h3><strong>M\u00fasicas avanzadas en el Espacio Cultural Serrer\u00eda Belga<\/strong><\/h3>\n<p>El Espacio Cultural Serrer\u00eda Belga acoger\u00e1, entre el 8 y el 9 de junio, nueve conciertos que mezclan el piano cl\u00e1sico con la electr\u00f3nica y el video, abriendo nuevas fronteras en la expresi\u00f3n musical. Este a\u00f1o presentar\u00e1n sus recientes proyectos Mario Vi\u00f1uela y \u00c1lvaro Corrochano, artistas espa\u00f1oles, a los que se suma Sofia Comas, original int\u00e9rprete y <em>performer<\/em> canadiense afincada en Espa\u00f1a. A ellos se a\u00f1aden las propuestas de la costarricense Sofi P\u00e1ez y de los italianos Alessandra Toni, Alberto Vescovi y Giulio Fagiolini.<\/p>\n<p><strong>\u00a0<\/strong>Adem\u00e1s, volver\u00e1n los conciertos en el magn\u00edfico entorno bot\u00e1nico del Invernadero de Arganzuela, entre plantas y fuentes, y volver\u00e1 tambi\u00e9n la matin\u00e9e de la Cuesta de Moyano, con m\u00fasica en vivo delante de las casetas de los libreros. Para amenizar la ma\u00f1ana al p\u00fablico que frecuenta esta hist\u00f3rica calle madrile\u00f1a habr\u00e1 tambi\u00e9n un concierto dedicado a Ludovico Einaudi, a cargo de Esther Toledano.<\/p>\n<p><img decoding=\"async\" loading=\"lazy\" class=\"aligncenter size-full wp-image-1734\" src=\"https:\/\/ciudadconalma.es\/madrid\/wp-content\/uploads\/sites\/2\/2024\/05\/Piano-City-Madrid-Serreria-Belga.jpg\" alt=\"Piano City Madrid\" width=\"800\" height=\"450\" srcset=\"https:\/\/ciudadconalma.es\/madrid\/wp-content\/uploads\/sites\/2\/2024\/05\/Piano-City-Madrid-Serreria-Belga.jpg 800w, https:\/\/ciudadconalma.es\/madrid\/wp-content\/uploads\/sites\/2\/2024\/05\/Piano-City-Madrid-Serreria-Belga-300x169.jpg 300w, https:\/\/ciudadconalma.es\/madrid\/wp-content\/uploads\/sites\/2\/2024\/05\/Piano-City-Madrid-Serreria-Belga-768x432.jpg 768w, https:\/\/ciudadconalma.es\/madrid\/wp-content\/uploads\/sites\/2\/2024\/05\/Piano-City-Madrid-Serreria-Belga-750x422.jpg 750w\" sizes=\"(max-width: 800px) 100vw, 800px\" \/><\/p>\n<h3><strong>J\u00f3venes talentos <\/strong><\/h3>\n<p>Son muchos los nuevos talentos que debutan en el marco de esta nueva edici\u00f3n de Piano City Madrid. Los m\u00e1s j\u00f3venes son sin duda la gaditana Carla Rom\u00e1n V\u00e1zquez, ganadora de la Beca Yamaha 2024, y el italiano Lorenzo Luiselli, ambos nacidos en 2008 y ambos interpretes del repertorio cl\u00e1sico. Manuel Moreno Ram\u00edrez es un joven talento del piano jazz, que interpreta Paco de Lucia y m\u00fasicas propias. Tocar\u00e1n por primera vez en Madrid tambi\u00e9n Elia Cecino, joven virtuoso y ganador de concursos internacionales, y Alessio Masi, m\u00fasico y compositor siciliano ganador de la beca \u2018Herm\u00e9s para j\u00f3venes talentos\u2019 2022.<\/p>\n<p>Sigue tambi\u00e9n la colaboraci\u00f3n de Piano City Madrid con la Escuela de M\u00fasica Reina Sof\u00eda, desde la cual proceden los pianistas cl\u00e1sicos Mariam Chitanava y Bohdan Terletskyy. Finalmente, son alumnos del Centro superior de ense\u00f1anza musical Katarina Gurska cuatros j\u00f3venes int\u00e9rpretes: Noel Redolar, Andrei Marcos Dradici, \u00c1lvaro Fern\u00e1ndez Bravo e Ignacio G\u00f3mez-Pallete.<\/p>\n<h3><strong>Nuevos escenarios<\/strong><\/h3>\n<p>Piano City Madrid cuenta este a\u00f1o con algunos nuevos escenarios. El UMusic Teatro Alb\u00e9niz es un lugar especial, que se encuentra en el interior de un hotel. El Universal Music Group, en 2020, lo ha reformado tal y como se encontraba en 1945, cuando fue inaugurado. El UMusic hotel no solo ser\u00e1 la \u201ccasa\u201d de los artistas de Piano City Madrid &#8211; que llegar\u00e1n desde todas Espa\u00f1a y del extranjero &#8211; sino que adem\u00e1s albergar\u00e1 ocho conciertos en las ma\u00f1anas del s\u00e1bado 8 y del domingo 9 de junio.<\/p>\n<p>Es \u00fanica tambi\u00e9n la oportunidad de descubrir uno de los lugares m\u00e1s elegantes del barrio de Almagro: el palacete de los Marqueses de Arg\u00fceso, construido a finales del s. XIX y ampliado en los a\u00f1os veinte. Desde el a\u00f1o 1957 alberga la residencia oficial del Embajador de Argentina en Espa\u00f1a. El s\u00e1bado 8, por la tarde, abrir\u00e1 sus puertas para presentar un recital de Silas Bassa, pianista y compositor argentino afincado en Paris. Antes y despu\u00e9s del concierto, el p\u00fablico podr\u00e1 admirar en los salones la exposici\u00f3n de la artista pl\u00e1stica argentina Marti Cilley. Tambi\u00e9n se ha sumado este a\u00f1o el Club Matador. \/<\/p>\n<p>M\u00e1s informaci\u00f3n: <a href=\"https:\/\/pianocitymadrid.es\/\" target=\"_blank\" rel=\"noopener\">https:\/\/pianocitymadrid.es\/<\/a><\/p>\n<p>&nbsp;<\/p>\n","protected":false},"excerpt":{"rendered":"<p>Piano City Madrid llenar\u00e1 de m\u00fasica en vivo la ciudad con 62 conciertos gratuitos Piano City Madrid volver\u00e1 a llenar de m\u00fasica en vivo las calles y los espacios culturales de la ciudad durante los d\u00edas 7, 8 y 9 de junio, un fin de semana en el que se concentrar\u00e1n 62 conciertos gratuitos con [&hellip;]<\/p>\n","protected":false},"author":3,"featured_media":1736,"comment_status":"open","ping_status":"closed","sticky":false,"template":"","format":"standard","meta":[],"categories":[13],"tags":[236,506,282,159,29,235,116,150,309],"_links":{"self":[{"href":"https:\/\/ciudadconalma.es\/madrid\/wp-json\/wp\/v2\/posts\/1733"}],"collection":[{"href":"https:\/\/ciudadconalma.es\/madrid\/wp-json\/wp\/v2\/posts"}],"about":[{"href":"https:\/\/ciudadconalma.es\/madrid\/wp-json\/wp\/v2\/types\/post"}],"author":[{"embeddable":true,"href":"https:\/\/ciudadconalma.es\/madrid\/wp-json\/wp\/v2\/users\/3"}],"replies":[{"embeddable":true,"href":"https:\/\/ciudadconalma.es\/madrid\/wp-json\/wp\/v2\/comments?post=1733"}],"version-history":[{"count":1,"href":"https:\/\/ciudadconalma.es\/madrid\/wp-json\/wp\/v2\/posts\/1733\/revisions"}],"predecessor-version":[{"id":1737,"href":"https:\/\/ciudadconalma.es\/madrid\/wp-json\/wp\/v2\/posts\/1733\/revisions\/1737"}],"wp:featuredmedia":[{"embeddable":true,"href":"https:\/\/ciudadconalma.es\/madrid\/wp-json\/wp\/v2\/media\/1736"}],"wp:attachment":[{"href":"https:\/\/ciudadconalma.es\/madrid\/wp-json\/wp\/v2\/media?parent=1733"}],"wp:term":[{"taxonomy":"category","embeddable":true,"href":"https:\/\/ciudadconalma.es\/madrid\/wp-json\/wp\/v2\/categories?post=1733"},{"taxonomy":"post_tag","embeddable":true,"href":"https:\/\/ciudadconalma.es\/madrid\/wp-json\/wp\/v2\/tags?post=1733"}],"curies":[{"name":"wp","href":"https:\/\/api.w.org\/{rel}","templated":true}]}}