{"id":1608,"date":"2024-05-06T04:51:37","date_gmt":"2024-05-06T04:51:37","guid":{"rendered":"https:\/\/ciudadconalma.es\/madrid\/?p=1608"},"modified":"2024-05-06T04:51:37","modified_gmt":"2024-05-06T04:51:37","slug":"el-teatro-espanol-acoge-por-cuarto-ano-consecutivo-el-proyecto-plataforma","status":"publish","type":"post","link":"https:\/\/ciudadconalma.es\/madrid\/el-teatro-espanol-acoge-por-cuarto-ano-consecutivo-el-proyecto-plataforma\/","title":{"rendered":"El Teatro Espa\u00f1ol acoge por cuarto a\u00f1o consecutivo el Proyecto Plataforma"},"content":{"rendered":"<h1><strong>El Teatro Espa\u00f1ol acoge por cuarto a\u00f1o consecutivo el Proyecto Plataforma<\/strong><\/h1>\n<h2>La sala Margarita Xirgu del Teatro Espa\u00f1ol, espacio del \u00c1rea de Cultura, Turismo y Deporte, acoge, por cuarto a\u00f1o consecutivo, y del 8 de mayo al 2 de junio, el IV Proyecto Plataforma, que pretende ser una base s\u00f3lida desde la que tomen impulso los creadores emergentes del panorama teatral madrile\u00f1o. Una oportunidad para mostrar y difundir las propuestas m\u00e1s frescas de directoras y directores incipientes que comienzan a abrirse paso en la profesi\u00f3n.<\/h2>\n<p>Son propuestas de peque\u00f1o formato esc\u00e9nico que han brillado dentro del <em>circuito\u00a0off<\/em>\u00a0de Madrid y que, por su originalidad en la puesta en escena y su tem\u00e1tica, han llamado la atenci\u00f3n. Plataforma, adem\u00e1s, ofrece la oportunidad de descubrir el trabajo de una compa\u00f1\u00eda emergente internacional, en esta ocasi\u00f3n de Portugal. Cuatro t\u00edtulos que merecen, sin lugar a duda, un escaparate desde el que darse a conocer al p\u00fablico.<\/p>\n<h3><strong>Los espect\u00e1culos programados para esta edici\u00f3n son:<\/strong><\/h3>\n<p><strong>Plataforma 1: <\/strong><strong><em>Los chicos de Baker-Miller<\/em><\/strong>, de Adri\u00e1n Perea y \u00c1lvaro Nogales. Una producci\u00f3n de Mudanzas L\u00f3pez (Espa\u00f1a). Del 8 al 12 mayo.<\/p>\n<p>&nbsp;<\/p>\n<p><strong>Plataforma 2:<em> Rei \u00c9dipo<\/em><\/strong><em>,<\/em> de SillySeason, a partir de la tragedia de S\u00f3focl\u00e9s. Una producci\u00f3n del Colectivo SillySeason. (Portugal) Del 16 al 19 mayo.<\/p>\n<p><img decoding=\"async\" loading=\"lazy\" class=\"aligncenter size-full wp-image-1609\" src=\"https:\/\/ciudadconalma.es\/madrid\/wp-content\/uploads\/sites\/2\/2024\/05\/rei-edipo.jpg\" alt=\"Proyecto Plataforma\" width=\"800\" height=\"394\" srcset=\"https:\/\/ciudadconalma.es\/madrid\/wp-content\/uploads\/sites\/2\/2024\/05\/rei-edipo.jpg 800w, https:\/\/ciudadconalma.es\/madrid\/wp-content\/uploads\/sites\/2\/2024\/05\/rei-edipo-300x148.jpg 300w, https:\/\/ciudadconalma.es\/madrid\/wp-content\/uploads\/sites\/2\/2024\/05\/rei-edipo-768x378.jpg 768w, https:\/\/ciudadconalma.es\/madrid\/wp-content\/uploads\/sites\/2\/2024\/05\/rei-edipo-750x369.jpg 750w\" sizes=\"(max-width: 800px) 100vw, 800px\" \/><\/p>\n<p><strong>Plataforma 3:\u00a0<em>Te est\u00e1bamos esperando<\/em><\/strong> de Jos\u00e9 Andr\u00e9s L\u00f3pez. Una producci\u00f3n de Metaproducciones Esc\u00e9nicas (Espa\u00f1a). Del 22 al 26 mayo.<\/p>\n<p>&nbsp;<\/p>\n<p><strong>Plataforma 4:<\/strong>\u00a0\u00a0 <strong><em>El ardor<\/em><\/strong>, de Alberto Cort\u00e9s. Una producci\u00f3n de Alberto Cort\u00e9s (Espa\u00f1a). Del 29 mayo a 2 junio.<\/p>\n<p>&nbsp;<\/p>\n<p><strong>M\u00e1s informaci\u00f3n en <\/strong><a href=\"https:\/\/www.teatroespanol.es\/ciclos\/iv-plataforma\" target=\"_blank\" rel=\"noopener\"><strong>https:\/\/www.teatroespanol.es<\/strong><\/a><\/p>\n","protected":false},"excerpt":{"rendered":"<p>El Teatro Espa\u00f1ol acoge por cuarto a\u00f1o consecutivo el Proyecto Plataforma La sala Margarita Xirgu del Teatro Espa\u00f1ol, espacio del \u00c1rea de Cultura, Turismo y Deporte, acoge, por cuarto a\u00f1o consecutivo, y del 8 de mayo al 2 de junio, el IV Proyecto Plataforma, que pretende ser una base s\u00f3lida desde la que tomen impulso [&hellip;]<\/p>\n","protected":false},"author":3,"featured_media":1610,"comment_status":"open","ping_status":"closed","sticky":false,"template":"","format":"standard","meta":[],"categories":[13],"tags":[29,328,116,150,309,192,479],"_links":{"self":[{"href":"https:\/\/ciudadconalma.es\/madrid\/wp-json\/wp\/v2\/posts\/1608"}],"collection":[{"href":"https:\/\/ciudadconalma.es\/madrid\/wp-json\/wp\/v2\/posts"}],"about":[{"href":"https:\/\/ciudadconalma.es\/madrid\/wp-json\/wp\/v2\/types\/post"}],"author":[{"embeddable":true,"href":"https:\/\/ciudadconalma.es\/madrid\/wp-json\/wp\/v2\/users\/3"}],"replies":[{"embeddable":true,"href":"https:\/\/ciudadconalma.es\/madrid\/wp-json\/wp\/v2\/comments?post=1608"}],"version-history":[{"count":1,"href":"https:\/\/ciudadconalma.es\/madrid\/wp-json\/wp\/v2\/posts\/1608\/revisions"}],"predecessor-version":[{"id":1611,"href":"https:\/\/ciudadconalma.es\/madrid\/wp-json\/wp\/v2\/posts\/1608\/revisions\/1611"}],"wp:featuredmedia":[{"embeddable":true,"href":"https:\/\/ciudadconalma.es\/madrid\/wp-json\/wp\/v2\/media\/1610"}],"wp:attachment":[{"href":"https:\/\/ciudadconalma.es\/madrid\/wp-json\/wp\/v2\/media?parent=1608"}],"wp:term":[{"taxonomy":"category","embeddable":true,"href":"https:\/\/ciudadconalma.es\/madrid\/wp-json\/wp\/v2\/categories?post=1608"},{"taxonomy":"post_tag","embeddable":true,"href":"https:\/\/ciudadconalma.es\/madrid\/wp-json\/wp\/v2\/tags?post=1608"}],"curies":[{"name":"wp","href":"https:\/\/api.w.org\/{rel}","templated":true}]}}