{"id":1465,"date":"2024-04-01T04:47:41","date_gmt":"2024-04-01T04:47:41","guid":{"rendered":"https:\/\/ciudadconalma.es\/madrid\/?p=1465"},"modified":"2024-04-01T04:47:41","modified_gmt":"2024-04-01T04:47:41","slug":"el-teatro-espanol-sale-a-los-institutos-por-segundo-ano-consecutivo-con-aulas","status":"publish","type":"post","link":"https:\/\/ciudadconalma.es\/madrid\/el-teatro-espanol-sale-a-los-institutos-por-segundo-ano-consecutivo-con-aulas\/","title":{"rendered":"El Teatro Espa\u00f1ol sale a los institutos por segundo a\u00f1o consecutivo con Aulas"},"content":{"rendered":"<h1><strong>El Teatro Espa\u00f1ol sale a los institutos por segundo a\u00f1o consecutivo con <em>Aulas<\/em><\/strong><\/h1>\n<h2>El Teatro Espa\u00f1ol y Naves del Espa\u00f1ol en Matadero retoman, por segundo a\u00f1o consecutivo, el proyecto pedag\u00f3gico de teatro inmersivo que sale del espacio convencional del teatro para llegar a las aulas de institutos de secundaria y bachillerato de Madrid. <a href=\"https:\/\/www.teatroespanol.es\/aulas-2024\" target=\"_blank\" rel=\"noopener\"><em>Aulas<\/em> <\/a>es un espect\u00e1culo que aborda una realidad que viven miles de adolescentes en su entorno cotidiano: el acoso escolar, la violencia y sus consecuencias.<\/h2>\n<p>Una propuesta sin concesiones ni atajos que pone de manifiesto los peligros de las redes sociales y el ciberbullying. Del 3 al 30 de abril, el Teatro Espa\u00f1ol traslada esta rompedora experiencia teatral a ocho institutos de secundaria y bachillerato en sesiones que se completan con un coloquio entre alumnos de 14 a 17 a\u00f1os, docentes y actores, moderado por el psic\u00f3logo especialista en adolescencia David Galarza. A trav\u00e9s de esta experiencia, los participantes se dar\u00e1n cuenta de las carencias de nuestro sistema educativo y de las din\u00e1micas que se generan en el aula y de las que resulta dif\u00edcil escapar: un agresor, una v\u00edctima, un escenario y una audiencia que premia o rechaza lo que sucede.<\/p>\n<p>Los centros educativos participantes en el proyecto <em>Aulas<\/em> en esta temporada son: IES Marqu\u00e9s de Suanzes (3 de abril), IES Calder\u00f3n de la Barca (4 de abril), IES Eijo y Garay (5 de abril), IES El Espinillo (9 de abril), IES D\u00e1maso Alonso (11 de abril), IES Emperatriz Mar\u00eda de Austria (12 de abril), IES La Estrella (23 de abril) e IES Ramiro de Maeztu (30 de abril) de Madrid.<\/p>\n<p>\u00bfQu\u00e9 sucede realmente dentro de un aula? \u00bfC\u00f3mo se detecta y ataja el acoso escolar dentro y fuera de esta? \u00bfQui\u00e9nes son los responsables? Estas y otras cuestiones se plantean en un espect\u00e1culo que nos confronta con la realidad cotidiana de miles de adolescentes. Escrito por Carlos Molinero, con direcci\u00f3n de Rub\u00e9n Cano, y protagonizado por Cristina Bertol, Jordi Buis\u00e1n, Carlos Lorenzo, Carmen Millet, Gonzalo Seijas, Laura Montesinos y Carla R. Caban\u00e9, <em>Aulas<\/em> propone una experiencia que rompe la cuarta pared y en la que el alumno, sin abandonar el aula, es parte activa de la trama.<\/p>\n<p>&nbsp;<\/p>\n<p><img decoding=\"async\" loading=\"lazy\" class=\"aligncenter size-full wp-image-1467\" src=\"https:\/\/ciudadconalma.es\/madrid\/wp-content\/uploads\/sites\/2\/2024\/03\/AulasCRemyTortosa-3.jpg\" alt=\"Aulas\" width=\"800\" height=\"533\" srcset=\"https:\/\/ciudadconalma.es\/madrid\/wp-content\/uploads\/sites\/2\/2024\/03\/AulasCRemyTortosa-3.jpg 800w, https:\/\/ciudadconalma.es\/madrid\/wp-content\/uploads\/sites\/2\/2024\/03\/AulasCRemyTortosa-3-300x200.jpg 300w, https:\/\/ciudadconalma.es\/madrid\/wp-content\/uploads\/sites\/2\/2024\/03\/AulasCRemyTortosa-3-768x512.jpg 768w, https:\/\/ciudadconalma.es\/madrid\/wp-content\/uploads\/sites\/2\/2024\/03\/AulasCRemyTortosa-3-750x500.jpg 750w\" sizes=\"(max-width: 800px) 100vw, 800px\" \/><\/p>\n<p>En un instituto en el que una alumna acaba de suicidarse por culpa de un v\u00eddeo en el que se ve c\u00f3mo abusan de ella, un orientador propone un examen especial. Lo que empieza siendo un test de orientaci\u00f3n para enfocar el futuro acad\u00e9mico y profesional de los alumnos se termina convirtiendo en un ritual donde todos asumir\u00e1n las consecuencias de sus actos.<\/p>\n<p><em>Aulas<\/em> es una obra de teatro inmersivo que trata sobre la educaci\u00f3n y la ense\u00f1anza, la violencia en las aulas, la legalidad de la violencia y, en definitiva, la minor\u00eda de edad. Un espect\u00e1culo convertido en una experiencia transformadora donde el alumno deber\u00e1 tomar partido mientras comparte pupitre con los actores.<\/p>\n<p>\u201cNuestra obra no tiene cuarta pared o, mejor dicho, la ha derribado y tirar\u00e1 los ladrillos al alumnado\u201d, explica el dramaturgo Carlos Molinero, autor de <em>Aulas<\/em>. \u201cEs una experiencia inmersiva que mover\u00e1 y remover\u00e1, que har\u00e1 que recordemos si hemos sido v\u00edctimas, verdugos o las dos cosas, o si seguimos si\u00e9ndolo\u201d, cuenta. \u201cSomos eternos <em>voyeurs<\/em> disfrutando del sufrimiento ajeno protegidos por una pantalla de m\u00f3vil. Romperemos la pantalla. Nos enfrentaremos a nosotros mismos y nos preguntaremos de d\u00f3nde nace la violencia, por qu\u00e9 nace, \u00bfinteresa a alguien o es nuestra triste naturaleza? Esta obra es un espejo que refleja el abismo al que estamos empujando a nuestros adolescentes\u201d.<\/p>\n<p><em>Aulas<\/em> forma parte de la propuesta de programaci\u00f3n del Teatro Espa\u00f1ol y Naves del Espa\u00f1ol enfocada en los intereses y problemas de la adolescencia y la juventud. Una l\u00ednea que, en esta temporada arranc\u00f3 en septiembre de 2023 con el espect\u00e1culo <em>Asesinato y adolescencia<\/em>, de Alberto San Juan, bajo la direcci\u00f3n de Andr\u00e9s Lima, y que contin\u00faa con este proyecto de pedagog\u00eda y mediaci\u00f3n.<\/p>\n","protected":false},"excerpt":{"rendered":"<p>El Teatro Espa\u00f1ol sale a los institutos por segundo a\u00f1o consecutivo con Aulas El Teatro Espa\u00f1ol y Naves del Espa\u00f1ol en Matadero retoman, por segundo a\u00f1o consecutivo, el proyecto pedag\u00f3gico de teatro inmersivo que sale del espacio convencional del teatro para llegar a las aulas de institutos de secundaria y bachillerato de Madrid. Aulas es [&hellip;]<\/p>\n","protected":false},"author":3,"featured_media":1466,"comment_status":"open","ping_status":"closed","sticky":false,"template":"","format":"standard","meta":[],"categories":[137],"tags":[545,161,390,544,29,328,192,479],"_links":{"self":[{"href":"https:\/\/ciudadconalma.es\/madrid\/wp-json\/wp\/v2\/posts\/1465"}],"collection":[{"href":"https:\/\/ciudadconalma.es\/madrid\/wp-json\/wp\/v2\/posts"}],"about":[{"href":"https:\/\/ciudadconalma.es\/madrid\/wp-json\/wp\/v2\/types\/post"}],"author":[{"embeddable":true,"href":"https:\/\/ciudadconalma.es\/madrid\/wp-json\/wp\/v2\/users\/3"}],"replies":[{"embeddable":true,"href":"https:\/\/ciudadconalma.es\/madrid\/wp-json\/wp\/v2\/comments?post=1465"}],"version-history":[{"count":1,"href":"https:\/\/ciudadconalma.es\/madrid\/wp-json\/wp\/v2\/posts\/1465\/revisions"}],"predecessor-version":[{"id":1468,"href":"https:\/\/ciudadconalma.es\/madrid\/wp-json\/wp\/v2\/posts\/1465\/revisions\/1468"}],"wp:featuredmedia":[{"embeddable":true,"href":"https:\/\/ciudadconalma.es\/madrid\/wp-json\/wp\/v2\/media\/1466"}],"wp:attachment":[{"href":"https:\/\/ciudadconalma.es\/madrid\/wp-json\/wp\/v2\/media?parent=1465"}],"wp:term":[{"taxonomy":"category","embeddable":true,"href":"https:\/\/ciudadconalma.es\/madrid\/wp-json\/wp\/v2\/categories?post=1465"},{"taxonomy":"post_tag","embeddable":true,"href":"https:\/\/ciudadconalma.es\/madrid\/wp-json\/wp\/v2\/tags?post=1465"}],"curies":[{"name":"wp","href":"https:\/\/api.w.org\/{rel}","templated":true}]}}