{"id":1340,"date":"2024-02-22T05:51:32","date_gmt":"2024-02-22T05:51:32","guid":{"rendered":"https:\/\/ciudadconalma.es\/madrid\/?p=1340"},"modified":"2024-02-22T05:51:32","modified_gmt":"2024-02-22T05:51:32","slug":"los-acusticos-del-buenavista-inician-su-quinta-edicion-con-el-concierto-de-complices","status":"publish","type":"post","link":"https:\/\/ciudadconalma.es\/madrid\/los-acusticos-del-buenavista-inician-su-quinta-edicion-con-el-concierto-de-complices\/","title":{"rendered":"Los Ac\u00fasticos del Buenavista inician su quinta edici\u00f3n con el concierto de C\u00f3mplices"},"content":{"rendered":"<h1><strong>Los Ac\u00fasticos del Buenavista inician su quinta edici\u00f3n con el concierto de C\u00f3mplices<\/strong><\/h1>\n<h2>Por quinto a\u00f1o consecutivo, la Junta Municipal del Distrito de Salamanca organiza el ciclo de conciertos <a href=\"https:\/\/diario.madrid.es\/blog\/notas-de-prensa\/los-acusticos-del-buenavista-inician-su-quinta-edicion-con-el-concierto-de-complices\/\" target=\"_blank\" rel=\"noopener\">Los Ac\u00fasticos del Buenavista<\/a>, una edici\u00f3n que contar\u00e1 con sorpresas y artistas de gran nivel que interpretar\u00e1n en versi\u00f3n ac\u00fastica canciones de sus nuevos trabajos y repasar\u00e1n sus trayectorias musicales. C\u00f3mplices abrir\u00e1 el pr\u00f3ximo d\u00eda 29 este ciclo que \u201cse ha convertido en un hito cultural maravilloso de la ciudad de Madrid\u201d, como lo ha definido la concejala del distrito, Cayetana Hern\u00e1ndez de la Riva.<\/h2>\n<p>Arrancaron en el Centro Cultural Buenavista en febrero de 2020, de donde tomaron el nombre, y este es el tercer a\u00f1o en el que los conciertos se desarrollar\u00e1n en las instalaciones del Museo L\u00e1zaro Galdiano (calle de Serrano, 122). El acceso ser\u00e1 libre hasta completar el aforo de 200 plazas y la recogida de entradas ser\u00e1 a partir de las 18:30 h. Adem\u00e1s, todos los conciertos se podr\u00e1n seguir por <em>streaming<\/em> a trav\u00e9s del canal de YouTube Los Ac\u00fasticos del Buenavista.<\/p>\n<p>Hern\u00e1ndez de la Riva ha reiterado el compromiso de la junta municipal con esta cita que \u201cqueremos que siga prolong\u00e1ndose en el tiempo, que los madrile\u00f1os sigan asistiendo a ese momento m\u00e1gico e intimista donde la m\u00fasica vibra en el coraz\u00f3n de un museo y se proyecta desde el distrito de Salamanca al resto de la ciudad\u00bb.<\/p>\n<h3><strong>Conciertos de calidad en peque\u00f1os espacios<\/strong><\/h3>\n<p>Los Ac\u00fasticos del Buenavista, en colaboraci\u00f3n con el Museo L\u00e1zaro Galdiano, han marcado un antes y un despu\u00e9s en conciertos de calidad en peque\u00f1os espacios, facilitando la interacci\u00f3n y la cercan\u00eda entre el artista y el p\u00fablico asistente.<\/p>\n<p>El primer invitado de Los Ac\u00fasticos del Buenavista fue el cantante madrile\u00f1o Jos\u00e9 Mar\u00eda Guzm\u00e1n, reconocido compositor y componente de Solera, Cadillac y del cuarteto C\u00e1novas, Rodrigo, Adolfo y Guzm\u00e1n (CRAG). Por el escenario de Los Ac\u00fasticos han pasado solitas de la talla de Ramonc\u00edn, Diego Vasallo, Vicky Gastelo, Pablo Carbonell, Lichis, Mara Barros, Juan Luis Cano o Marilia, entre otros. Y en cuanto a grupos, Los Ac\u00fasticos han acogido a m\u00edticas bandas del pop y rock nacional como La Frontera, La Guardia, La Trampa o Mab\u00fc.<\/p>\n<p><img decoding=\"async\" loading=\"lazy\" class=\"aligncenter size-full wp-image-1341\" src=\"https:\/\/ciudadconalma.es\/madrid\/wp-content\/uploads\/sites\/2\/2024\/02\/Auditorio-Museo-Lazara-Galdiano.jpg\" alt=\"Los Ac\u00fasticos del Buenavista\" width=\"800\" height=\"522\" srcset=\"https:\/\/ciudadconalma.es\/madrid\/wp-content\/uploads\/sites\/2\/2024\/02\/Auditorio-Museo-Lazara-Galdiano.jpg 800w, https:\/\/ciudadconalma.es\/madrid\/wp-content\/uploads\/sites\/2\/2024\/02\/Auditorio-Museo-Lazara-Galdiano-300x196.jpg 300w, https:\/\/ciudadconalma.es\/madrid\/wp-content\/uploads\/sites\/2\/2024\/02\/Auditorio-Museo-Lazara-Galdiano-768x501.jpg 768w, https:\/\/ciudadconalma.es\/madrid\/wp-content\/uploads\/sites\/2\/2024\/02\/Auditorio-Museo-Lazara-Galdiano-750x489.jpg 750w\" sizes=\"(max-width: 800px) 100vw, 800px\" \/><\/p>\n","protected":false},"excerpt":{"rendered":"<p>Los Ac\u00fasticos del Buenavista inician su quinta edici\u00f3n con el concierto de C\u00f3mplices Por quinto a\u00f1o consecutivo, la Junta Municipal del Distrito de Salamanca organiza el ciclo de conciertos Los Ac\u00fasticos del Buenavista, una edici\u00f3n que contar\u00e1 con sorpresas y artistas de gran nivel que interpretar\u00e1n en versi\u00f3n ac\u00fastica canciones de sus nuevos trabajos y [&hellip;]<\/p>\n","protected":false},"author":3,"featured_media":1342,"comment_status":"open","ping_status":"closed","sticky":false,"template":"","format":"standard","meta":[],"categories":[13],"tags":[236,227,171,29,235,116,150,309],"_links":{"self":[{"href":"https:\/\/ciudadconalma.es\/madrid\/wp-json\/wp\/v2\/posts\/1340"}],"collection":[{"href":"https:\/\/ciudadconalma.es\/madrid\/wp-json\/wp\/v2\/posts"}],"about":[{"href":"https:\/\/ciudadconalma.es\/madrid\/wp-json\/wp\/v2\/types\/post"}],"author":[{"embeddable":true,"href":"https:\/\/ciudadconalma.es\/madrid\/wp-json\/wp\/v2\/users\/3"}],"replies":[{"embeddable":true,"href":"https:\/\/ciudadconalma.es\/madrid\/wp-json\/wp\/v2\/comments?post=1340"}],"version-history":[{"count":1,"href":"https:\/\/ciudadconalma.es\/madrid\/wp-json\/wp\/v2\/posts\/1340\/revisions"}],"predecessor-version":[{"id":1343,"href":"https:\/\/ciudadconalma.es\/madrid\/wp-json\/wp\/v2\/posts\/1340\/revisions\/1343"}],"wp:featuredmedia":[{"embeddable":true,"href":"https:\/\/ciudadconalma.es\/madrid\/wp-json\/wp\/v2\/media\/1342"}],"wp:attachment":[{"href":"https:\/\/ciudadconalma.es\/madrid\/wp-json\/wp\/v2\/media?parent=1340"}],"wp:term":[{"taxonomy":"category","embeddable":true,"href":"https:\/\/ciudadconalma.es\/madrid\/wp-json\/wp\/v2\/categories?post=1340"},{"taxonomy":"post_tag","embeddable":true,"href":"https:\/\/ciudadconalma.es\/madrid\/wp-json\/wp\/v2\/tags?post=1340"}],"curies":[{"name":"wp","href":"https:\/\/api.w.org\/{rel}","templated":true}]}}