{"id":1330,"date":"2024-02-13T05:48:23","date_gmt":"2024-02-13T05:48:23","guid":{"rendered":"https:\/\/ciudadconalma.es\/madrid\/?p=1330"},"modified":"2024-02-13T05:48:23","modified_gmt":"2024-02-13T05:48:23","slug":"el-ayuntamiento-arranca-la-edicion-2024-del-programa-de-visitas-guiadas-pasea-madrid","status":"publish","type":"post","link":"https:\/\/ciudadconalma.es\/madrid\/el-ayuntamiento-arranca-la-edicion-2024-del-programa-de-visitas-guiadas-pasea-madrid\/","title":{"rendered":"El Ayuntamiento arranca la edici\u00f3n 2024 del programa de visitas guiadas Pasea Madrid"},"content":{"rendered":"<h1><strong>El Ayuntamiento arranca la edici\u00f3n 2024 del programa de visitas guiadas Pasea Madrid<\/strong><\/h1>\n<h2>El Ayuntamiento de Madrid, a trav\u00e9s de la Direcci\u00f3n General de Patrimonio Cultural, ha presentado este lunes la edici\u00f3n 2024 del programa de visitas guiadas gratuitas Pasea Madrid, que contar\u00e1 con una veintena de itinerarios a lo largo del a\u00f1o para los que se ofrecer\u00e1n un total de 65.000 plazas gratuitas.<\/h2>\n<p>La presentaci\u00f3n ha tenido lugar en el Pabell\u00f3n de Hex\u00e1gonos, situado en el Recinto Ferial de la Casa de Campo, un singular edificio que se incluye en el programa y que fue ganador, en 1958, del primer Premio de Arquitectura en la Exposici\u00f3n Universal de Bruselas, superando a uno de los iconos de la capital belga, el Atomium.<\/p>\n<p>La directora general de Patrimonio Cultural, Elena Hernando, ha subrayado el valor del programa Pasea Madrid, debido a \u201cla labor que supone de ense\u00f1anza y difusi\u00f3n del patrimonio de la ciudad y por su enorme \u00e9xito de p\u00fablico\u201d, y ha a\u00f1adido que \u201clos madrile\u00f1os y los turistas demuestran que les interesa el maravilloso patrimonio cultural de Madrid\u201d.<\/p>\n<p>Entre las novedades de la nueva edici\u00f3n, Hernando ha destacado que, despu\u00e9s del verano, \u201cse inaugurar\u00e1 una l\u00ednea de recorridos guiados en torno a los parques y jardines hist\u00f3ricos de Madrid\u201d. Asimismo, volver\u00e1n a estar presentes los distritos perif\u00e9ricos para dar a conocer su patrimonio cultural, \u201cmuchas veces desconocido\u201d.<\/p>\n<h3><strong>Inscripciones, el 13 de febrero<\/strong><\/h3>\n<p>Las visitas comenzar\u00e1n el 19 de febrero, d\u00eda del arranque de la primera temporada del a\u00f1o, que se extender\u00e1 hasta el 14 de abril. Las inscripciones para este primer periodo se abrir\u00e1n el d\u00eda 13 de febrero a las 10:00 horas para las personas mayores de 65 a\u00f1os y a las 12:00 h para el resto del p\u00fablico, en la p\u00e1gina web <a href=\"https:\/\/reservaspatrimonio.es\" target=\"_blank\" rel=\"noopener\">https:\/\/reservaspatrimonio.es<\/a>.<\/p>\n<p>Pasea Madrid, programa del \u00c1rea de Cultura, Turismo y Deporte que comenz\u00f3 su andadura en 2017 con dos tem\u00e1ticas, ofrecer\u00e1 a lo largo de este a\u00f1o una veintena de itinerarios. Hasta el verano, se centrar\u00e1 en ofertar visitas guiadas a los edificios municipales restaurados en los \u00faltimos a\u00f1os, ya que son las m\u00e1s demandadas por los ciudadanos: el Front\u00f3n Beti Jai, el Bunker de la Posici\u00f3n Jaca, el Pabell\u00f3n de los Hex\u00e1gonos, el monumento a Alfonso XII y las casas consistoriales de la plaza de la Villa.<\/p>\n<p>Asimismo, continuar\u00e1n desarroll\u00e1ndose los recorridos programados para difundir el valor universal excepcional del Paisaje de la Luz, incluido en la Lista de Patrimonio Mundial de la Unesco desde julio de 2021: el paseo del Prado, los jardines del Buen Retiro y las visitas guiadas al Centro de Interpretaci\u00f3n del Paisaje de la Luz, ubicado en CentroCentro.<\/p>\n<p>Junto con Antonio Palacios, de cuyo nacimiento se cumplen 150 a\u00f1os, una efem\u00e9ride que se celebrar\u00e1 a lo largo de 2024 y 2025, Francisco de Goya ser\u00e1 el protagonista de la edici\u00f3n 2024 de Pasea Madrid. Al ya tradicional itinerario de <em>Goya y La Florida<\/em>, que incluye una visita a la Ermita de San Antonio y que tendr\u00e1 lugar durante el primer semestre del a\u00f1o, se sumar\u00e1 despu\u00e9s del verano un nuevo recorrido organizado en colaboraci\u00f3n con la Real Academia de Bellas Artes de San Fernando, que comprende la visita al Gabinete Francisco de Goya, que muestra una selecci\u00f3n de las planchas de cobre grabadas al aguafuerte realizadas por el artista, entre las que se encuentran las correspondientes a sus cuatro series <em>Caprichos, Desastres de la guerra, Tauromaquia y Disparates.<\/em><\/p>\n<p><em>\u00a0<\/em>Despu\u00e9s del verano, se pondr\u00e1 en marcha una nueva l\u00ednea de recorridos guiados en torno a los parques y jardines hist\u00f3ricos de Madrid que se iniciar\u00e1 con la Quinta de la Fuente del Berro. Este parque, situado en el barrio de Salamanca, ocupa una extensi\u00f3n de m\u00e1s de 13 hect\u00e1reas y ofrece un jard\u00edn con diversos desniveles y formado por praderas surcadas por sinuosos paseos y escaleras r\u00fasticas de piedra. Alberga elementos destacados como el monumento a B\u00e9cquer, la estatua dedicada al poeta Pushkin, fuentes, cascadas y un par de peque\u00f1os estanques, adem\u00e1s de un palacete, legado de su pasado palaciego.<\/p>\n<p><img decoding=\"async\" loading=\"lazy\" class=\"aligncenter size-full wp-image-1331\" src=\"https:\/\/ciudadconalma.es\/madrid\/wp-content\/uploads\/sites\/2\/2024\/02\/Pabellon-de-los-Hexagonos.jpeg\" alt=\"Pasea Madrid\" width=\"800\" height=\"533\" srcset=\"https:\/\/ciudadconalma.es\/madrid\/wp-content\/uploads\/sites\/2\/2024\/02\/Pabellon-de-los-Hexagonos.jpeg 800w, https:\/\/ciudadconalma.es\/madrid\/wp-content\/uploads\/sites\/2\/2024\/02\/Pabellon-de-los-Hexagonos-300x200.jpeg 300w, https:\/\/ciudadconalma.es\/madrid\/wp-content\/uploads\/sites\/2\/2024\/02\/Pabellon-de-los-Hexagonos-768x512.jpeg 768w, https:\/\/ciudadconalma.es\/madrid\/wp-content\/uploads\/sites\/2\/2024\/02\/Pabellon-de-los-Hexagonos-750x500.jpeg 750w\" sizes=\"(max-width: 800px) 100vw, 800px\" \/><\/p>\n<h3><strong>Visitas adaptadas y acceso preferente a mayores de 65<\/strong><\/h3>\n<p>Las visitas se llevar\u00e1n a cabo en grupos de unas 25 personas y tendr\u00e1n una duraci\u00f3n de entre una y dos horas. Seguir\u00e1n realiz\u00e1ndose visitas adaptadas para personas sordas con int\u00e9rprete de lengua de signos espa\u00f1ola, con el estreno de una nueva tem\u00e1tica articulada en torno al Pabell\u00f3n de Hex\u00e1gonos.<\/p>\n<p>Adem\u00e1s, como novedad, en 2024, todas las tem\u00e1ticas del programa Pasea Madrid se ofertar\u00e1n en un cupo restringido para personas mayores de 65 a\u00f1os, contando con acceso preferente a la central de reservas en el momento de la apertura de inscripciones. \/<\/p>\n<p>Toda la informaci\u00f3n sobre Pasea Madrid est\u00e1 disponible en: <a href=\"https:\/\/patrimonioypaisaje.madrid.es\/portal\/site\/monumenta\" target=\"_blank\" rel=\"noopener\">patrimonioypaisaje.madrid.es<\/a><\/p>\n","protected":false},"excerpt":{"rendered":"<p>El Ayuntamiento arranca la edici\u00f3n 2024 del programa de visitas guiadas Pasea Madrid El Ayuntamiento de Madrid, a trav\u00e9s de la Direcci\u00f3n General de Patrimonio Cultural, ha presentado este lunes la edici\u00f3n 2024 del programa de visitas guiadas gratuitas Pasea Madrid, que contar\u00e1 con una veintena de itinerarios a lo largo del a\u00f1o para los [&hellip;]<\/p>\n","protected":false},"author":3,"featured_media":1332,"comment_status":"open","ping_status":"closed","sticky":false,"template":"","format":"standard","meta":[],"categories":[137],"tags":[29,509,116,150,158,309,508],"_links":{"self":[{"href":"https:\/\/ciudadconalma.es\/madrid\/wp-json\/wp\/v2\/posts\/1330"}],"collection":[{"href":"https:\/\/ciudadconalma.es\/madrid\/wp-json\/wp\/v2\/posts"}],"about":[{"href":"https:\/\/ciudadconalma.es\/madrid\/wp-json\/wp\/v2\/types\/post"}],"author":[{"embeddable":true,"href":"https:\/\/ciudadconalma.es\/madrid\/wp-json\/wp\/v2\/users\/3"}],"replies":[{"embeddable":true,"href":"https:\/\/ciudadconalma.es\/madrid\/wp-json\/wp\/v2\/comments?post=1330"}],"version-history":[{"count":1,"href":"https:\/\/ciudadconalma.es\/madrid\/wp-json\/wp\/v2\/posts\/1330\/revisions"}],"predecessor-version":[{"id":1333,"href":"https:\/\/ciudadconalma.es\/madrid\/wp-json\/wp\/v2\/posts\/1330\/revisions\/1333"}],"wp:featuredmedia":[{"embeddable":true,"href":"https:\/\/ciudadconalma.es\/madrid\/wp-json\/wp\/v2\/media\/1332"}],"wp:attachment":[{"href":"https:\/\/ciudadconalma.es\/madrid\/wp-json\/wp\/v2\/media?parent=1330"}],"wp:term":[{"taxonomy":"category","embeddable":true,"href":"https:\/\/ciudadconalma.es\/madrid\/wp-json\/wp\/v2\/categories?post=1330"},{"taxonomy":"post_tag","embeddable":true,"href":"https:\/\/ciudadconalma.es\/madrid\/wp-json\/wp\/v2\/tags?post=1330"}],"curies":[{"name":"wp","href":"https:\/\/api.w.org\/{rel}","templated":true}]}}