{"id":1261,"date":"2024-01-31T05:34:10","date_gmt":"2024-01-31T05:34:10","guid":{"rendered":"https:\/\/ciudadconalma.es\/madrid\/?p=1261"},"modified":"2024-01-31T05:34:10","modified_gmt":"2024-01-31T05:34:10","slug":"diversidad-e-inclusion-como-reto-empresarial-para-2024","status":"publish","type":"post","link":"https:\/\/ciudadconalma.es\/madrid\/diversidad-e-inclusion-como-reto-empresarial-para-2024\/","title":{"rendered":"Diversidad e inclusi\u00f3n como reto empresarial para 2024"},"content":{"rendered":"<h1><strong>Diversidad e inclusi\u00f3n como reto empresarial para 2024<\/strong><\/h1>\n<h2>En los \u00faltimos a\u00f1os, la <a href=\"https:\/\/fundacionadecco.org\/diversidad-empresa-inclusion\/\" target=\"_blank\" rel=\"noopener\">diversidad y la inclusi\u00f3n<\/a> han ganado una relevancia significativa en el entorno empresarial. Aunque a menudo se confunden y se utilizan como sin\u00f3nimos, estos dos conceptos tienen definiciones distintas pero complementarias, y ser\u00e1 uno de los grandes retos en las organizaciones para este 2024.<\/h2>\n<p>En el contexto corporativo, la diversidad se refiere a la presencia de profesionales con diferencias en edad, g\u00e9nero, orientaci\u00f3n sexual, nacionalidad, religi\u00f3n, etnia, cultura, condici\u00f3n o necesidades especiales debido a enfermedad, accidente, discapacidad o situaci\u00f3n familiar.<\/p>\n<p>En contraste, la inclusi\u00f3n comprende las pr\u00e1cticas implementadas por la organizaci\u00f3n para que cada empleado, independientemente de sus caracter\u00edsticas distintivas, sea aceptado y tratado con igualdad. El objetivo es crear un sentido de pertenencia, donde todos los miembros se sientan reconocidos, valorados y respetados en su entorno laboral.<\/p>\n<p>Dado que son complementarios, la diversidad y la inclusi\u00f3n deben desarrollarse de manera conjunta. Las pol\u00edticas inclusivas de diversidad pueden aportar valor en t\u00e9rminos de innovaci\u00f3n, crecimiento y competitividad, contribuyendo al logro de un crecimiento sostenible para las empresas.<\/p>\n<p>Otros argumentos a favor de la diversidad corporativa incluyen el enriquecimiento de ideas y experiencias, la mejora del servicio al cliente mediante la coexistencia de diversas competencias en la plantilla, una valoraci\u00f3n m\u00e1s positiva por parte de los consumidores y, desde la perspectiva de Recursos Humanos, una mayor retenci\u00f3n del talento.<\/p>\n<h3><strong>Cuidar la diversidad<\/strong><\/h3>\n<p>Existen diversas estrategias para asegurar que una organizaci\u00f3n alcance con \u00e9xito el objetivo de promover la diversidad. A nivel institucional, la Organizaci\u00f3n Internacional del Trabajo (OIT) ha proporcionado una gu\u00eda pr\u00e1ctica titulada \u00abFomentando la diversidad y la inclusi\u00f3n mediante ajustes en el lugar de trabajo\u00bb, publicada en 2017. En este documento, se destaca el concepto de \u00abajuste razonable\u00bb, que se refiere a los cambios necesarios y apropiados para adaptar las caracter\u00edsticas particulares de un trabajador o candidato, permiti\u00e9ndole disfrutar de los mismos derechos que sus colegas.<\/p>\n<p>Los ajustes razonables no se limitan \u00fanicamente a modificaciones en el entorno f\u00edsico del lugar de trabajo, como eliminar barreras de accesibilidad. La inclusi\u00f3n tambi\u00e9n se aborda a trav\u00e9s de los protocolos operativos de la empresa.<\/p>\n<p>Seg\u00fan la OIT, los ajustes razonables no f\u00edsicos pueden incluir pr\u00e1cticas como reuniones regulares entre un gerente y un empleado con necesidades especiales para revisar sus tareas y horarios, transparencia en los horarios laborales o servicios de comidas que se adapten a diferentes necesidades diet\u00e9ticas.<\/p>\n<p>La inclusi\u00f3n de la diversidad puede iniciarse antes del inicio de la relaci\u00f3n laboral, ya que pueden ser necesarios ajustes razonables en el proceso de contrataci\u00f3n, como la reubicaci\u00f3n f\u00edsica de los lugares de selecci\u00f3n o la modificaci\u00f3n de fechas de entrevistas.<\/p>\n<p>Unas buenas pr\u00e1cticas adicionales para empresas interesadas en promover la diversidad e inclusi\u00f3n: Por un lado incluyen el liderazgo emp\u00e1tico por parte de los responsables hacia los profesionales que necesitan ajustes razonables, as\u00ed como fomentar en la cultura de la empresa la idea de que la inclusi\u00f3n no se trata solo de integrar a una persona, sino tambi\u00e9n de apoyar su progreso profesional dentro de la organizaci\u00f3n.<\/p>\n<p>Es fundamental que la diversidad no solo concierna a los empleados con necesidades especiales y a los l\u00edderes empresariales. Para que las pol\u00edticas de inclusi\u00f3n tengan \u00e9xito, es necesario que todos los miembros del equipo se involucren en una cultura que est\u00e1 ganando cada vez m\u00e1s impulso en el mundo empresarial.<\/p>\n<p><img decoding=\"async\" loading=\"lazy\" class=\"aligncenter size-full wp-image-1262\" src=\"https:\/\/ciudadconalma.es\/madrid\/wp-content\/uploads\/sites\/2\/2024\/01\/inclusion-empresarial.jpg\" alt=\"Diversidad e inclusi\u00f3n\" width=\"800\" height=\"600\" srcset=\"https:\/\/ciudadconalma.es\/madrid\/wp-content\/uploads\/sites\/2\/2024\/01\/inclusion-empresarial.jpg 800w, https:\/\/ciudadconalma.es\/madrid\/wp-content\/uploads\/sites\/2\/2024\/01\/inclusion-empresarial-300x225.jpg 300w, https:\/\/ciudadconalma.es\/madrid\/wp-content\/uploads\/sites\/2\/2024\/01\/inclusion-empresarial-768x576.jpg 768w, https:\/\/ciudadconalma.es\/madrid\/wp-content\/uploads\/sites\/2\/2024\/01\/inclusion-empresarial-750x563.jpg 750w\" sizes=\"(max-width: 800px) 100vw, 800px\" \/><\/p>\n<h3><strong>Beneficios de aplicar las pol\u00edticas de inclusi\u00f3n y diversidad<\/strong><\/h3>\n<p>Una empresa que promueve la diversidad e inclusi\u00f3n tiende a construir una reputaci\u00f3n m\u00e1s positiva. Aquellas organizaciones que dan importancia a la diversidad y la inclusi\u00f3n suelen ser percibidas como m\u00e1s justas y equitativas, lo cual puede atraer tanto a clientes como a empleados. Adem\u00e1s, este enfoque puede contribuir a que los colaboradores se sientan valorados y respetados en su entorno laboral, lo que aumenta la probabilidad de que deseen permanecer y avanzar en la empresa.<\/p>\n<p>La comodidad y el bienestar de los empleados tambi\u00e9n impactan directamente en la productividad. Cuando los trabajadores se sienten a gusto, se ha demostrado que la colaboraci\u00f3n fluye de manera m\u00e1s efectiva, ya que se pueden aportar diversas perspectivas a los desaf\u00edos laborales. En resumen, una cultura empresarial diversa e inclusiva no solo beneficia la imagen externa de la empresa, sino que tambi\u00e9n fortalece el compromiso y la eficiencia interna.<\/p>\n<h3><strong>C\u00f3mo implementar la inclusi\u00f3n y la diversidad<\/strong><\/h3>\n<p>Es esencial <strong><em>establecer pol\u00edticas y pr\u00e1cticas que fomenten la igualdad de oportunidades<\/em><\/strong>, el respeto mutuo y la diversidad en todos los aspectos del entorno laboral. Esto implica la eliminaci\u00f3n de barreras y prejuicios que puedan restringir la participaci\u00f3n de ciertos grupos.<\/p>\n<p>La <strong><em>capacitaci\u00f3n en diversidad e inclusi\u00f3n para todos los empleados <\/em><\/strong>desempe\u00f1a un papel clave. Este tipo de formaci\u00f3n ayuda a aumentar la conciencia sobre los sesgos inconscientes y las pr\u00e1cticas inclusivas, permitiendo que los empleados comprendan y valoren la diversidad presente en el lugar de trabajo.<\/p>\n<p>La <strong><em>participaci\u00f3n activa de los empleados<\/em><\/strong> en la toma de decisiones y la creaci\u00f3n de un entorno inclusivo es esencial. Valorar y respetar las perspectivas y experiencias de todos los empleados, independientemente de su origen o caracter\u00edsticas personales, contribuye a este objetivo.<\/p>\n<p><strong><em>Implementar programas de mentor\u00eda y patrocinio<\/em><\/strong> que faciliten la conexi\u00f3n entre empleados diversos y l\u00edderes de la organizaci\u00f3n resulta beneficioso. Estos programas promueven el desarrollo profesional y el respaldo mutuo, brindando a los empleados el apoyo necesario para crecer dentro de la empresa.<\/p>\n<p><strong><em>Mantener una comunicaci\u00f3n clara y transparente<\/em><\/strong> acerca de los valores de diversidad e inclusi\u00f3n, as\u00ed como compartir los avances y desaf\u00edos en este \u00e1mbito, es fundamental. Esto crea un ambiente de confianza y permite que los empleados se sientan escuchados y valorados en la organizaci\u00f3n.<\/p>\n<p>En conclusi\u00f3n, la promoci\u00f3n de pol\u00edticas y pr\u00e1cticas inclusivas no solo es un imperativo \u00e9tico, sino tambi\u00e9n un impulsor clave para el \u00e9xito y la sostenibilidad de cualquier organizaci\u00f3n en el panorama laboral actual. Al establecer entornos que fomenten la igualdad, la diversidad y el respeto mutuo, las empresas no solo fortalecen su reputaci\u00f3n externa, sino que tambi\u00e9n cultivan una fuerza laboral m\u00e1s comprometida y productiva.<\/p>\n<p>La capacitaci\u00f3n constante, la participaci\u00f3n activa de los empleados, los programas de mentor\u00eda y patrocinio, as\u00ed como una comunicaci\u00f3n transparente, son herramientas esenciales para construir una cultura empresarial que celebre y valore la diversidad en todas sus formas. Al adoptar estos principios, las organizaciones no solo cumplen con las expectativas de la sociedad actual, sino que tambi\u00e9n se posicionan para abrazar la innovaci\u00f3n, el crecimiento y la resiliencia en un mundo laboral en constante evoluci\u00f3n. La diversidad e inclusi\u00f3n no solo son objetivos a alcanzar, sino cimientos s\u00f3lidos para construir un futuro laboral m\u00e1s equitativo y enriquecedor para todos.<\/p>\n","protected":false},"excerpt":{"rendered":"<p>Diversidad e inclusi\u00f3n como reto empresarial para 2024 En los \u00faltimos a\u00f1os, la diversidad y la inclusi\u00f3n han ganado una relevancia significativa en el entorno empresarial. Aunque a menudo se confunden y se utilizan como sin\u00f3nimos, estos dos conceptos tienen definiciones distintas pero complementarias, y ser\u00e1 uno de los grandes retos en las organizaciones para [&hellip;]<\/p>\n","protected":false},"author":3,"featured_media":1263,"comment_status":"open","ping_status":"closed","sticky":false,"template":"","format":"standard","meta":[],"categories":[11],"tags":[486,70,485,482,71,484,483],"_links":{"self":[{"href":"https:\/\/ciudadconalma.es\/madrid\/wp-json\/wp\/v2\/posts\/1261"}],"collection":[{"href":"https:\/\/ciudadconalma.es\/madrid\/wp-json\/wp\/v2\/posts"}],"about":[{"href":"https:\/\/ciudadconalma.es\/madrid\/wp-json\/wp\/v2\/types\/post"}],"author":[{"embeddable":true,"href":"https:\/\/ciudadconalma.es\/madrid\/wp-json\/wp\/v2\/users\/3"}],"replies":[{"embeddable":true,"href":"https:\/\/ciudadconalma.es\/madrid\/wp-json\/wp\/v2\/comments?post=1261"}],"version-history":[{"count":1,"href":"https:\/\/ciudadconalma.es\/madrid\/wp-json\/wp\/v2\/posts\/1261\/revisions"}],"predecessor-version":[{"id":1264,"href":"https:\/\/ciudadconalma.es\/madrid\/wp-json\/wp\/v2\/posts\/1261\/revisions\/1264"}],"wp:featuredmedia":[{"embeddable":true,"href":"https:\/\/ciudadconalma.es\/madrid\/wp-json\/wp\/v2\/media\/1263"}],"wp:attachment":[{"href":"https:\/\/ciudadconalma.es\/madrid\/wp-json\/wp\/v2\/media?parent=1261"}],"wp:term":[{"taxonomy":"category","embeddable":true,"href":"https:\/\/ciudadconalma.es\/madrid\/wp-json\/wp\/v2\/categories?post=1261"},{"taxonomy":"post_tag","embeddable":true,"href":"https:\/\/ciudadconalma.es\/madrid\/wp-json\/wp\/v2\/tags?post=1261"}],"curies":[{"name":"wp","href":"https:\/\/api.w.org\/{rel}","templated":true}]}}