{"id":1156,"date":"2024-01-03T06:24:05","date_gmt":"2024-01-03T06:24:05","guid":{"rendered":"https:\/\/ciudadconalma.es\/madrid\/?p=1156"},"modified":"2024-01-03T11:59:22","modified_gmt":"2024-01-03T11:59:22","slug":"cabalgatas-del-dia-de-reyes-2024-en-madrid","status":"publish","type":"post","link":"https:\/\/ciudadconalma.es\/madrid\/cabalgatas-del-dia-de-reyes-2024-en-madrid\/","title":{"rendered":"Cabalgatas del D\u00eda de Reyes 2024 en Madrid"},"content":{"rendered":"<h1><strong>Cabalgatas del D\u00eda de Reyes 2024 en Madrid<\/strong><\/h1>\n<h2>Es una tradici\u00f3n \u00fanica en el mundo: los ni\u00f1os espa\u00f1oles, al levantarse el d\u00eda de la Epifan\u00eda, encuentran por arte de magia sus regalos en sus hogares, si se han portado bien, o carb\u00f3n si no han sido del todo buenos a lo largo del a\u00f1o. Durante la noche que va del 5 al 6 de enero, mientras todos duermen, los Reyes Magos visitan cada una de las casas del mundo, pero antes, la tarde anterior, recorren las calles de la ciudad en una cabalgata espectacular.<\/h2>\n<p>Cada a\u00f1o, los Reyes Magos nos visitan para repartir regalos que son esperados por todos los ni\u00f1os, una tradici\u00f3n que recrea el momento en que la estrella de Bel\u00e9n les gui\u00f3 hasta el Ni\u00f1o Dios y al mismo tiempo simboliza el c\u00edrculo virtuoso que alimenta nuestra cultura, el de la uni\u00f3n y el respeto entre generaciones. \u200bEl s\u00edmbolo del regalo va m\u00e1s all\u00e1 de un simple juguete: los mayores transmiten experiencia, valores y atenci\u00f3n; los ni\u00f1os devuelven agradecimiento, ternura y sonrisas. Esta <a href=\"https:\/\/elmiradordemadrid.es\/cabalgatas-madrid-capital-distritos-recorridos\/\" target=\"_blank\" rel=\"noopener\">Cabalgata 2024<\/a> es un homenaje a esos abuelos que, con su sabidur\u00eda y generosidad, est\u00e1n siempre para los dem\u00e1s.<\/p>\n<h3><strong>Cabalgata Central<\/strong><\/h3>\n<p>La caravana de Melchor, Gaspar y Baltasar recorre el Paseo de la Castellana comandada por una danzante a\u00e9rea bajo una luna m\u00f3vil, marionetas gigantes que bailan ante el p\u00fablico, la estrella de Bel\u00e9n con su propio cortejo de astros y \u00e1ngeles, unos caballos fant\u00e1sticos y luminosos, un gran camello articulado, siete enormes jirafas, las tres carrozas reales, impresionantes en dise\u00f1o y colorido, y, claro, los pajes y el resto de la comitiva habitual repartiendo caramelos e ilusi\u00f3n a todos los ni\u00f1os de Madrid.<\/p>\n<p>La comitiva sale a las 18:30 horas de la plaza de San Juan de la Cruz y baja poco a poco el Paseo de la Castellana hasta la plaza de Cibeles, donde los Reyes Magos, a las 20:45, nos hacen llegar su mensaje.<\/p>\n<p>Por la ma\u00f1ana del 5 de enero se celebra el Rosc\u00f3n de Reyes de Aldeas Infantiles SOS: actuaciones musicales en la Puerta del Sol desde las 11:00 y reparto gratuito desde las 12:00 horas de 10.000 raciones de este tradicional postre navide\u00f1o y de chocolate caliente.<\/p>\n<figure id=\"attachment_1157\" aria-describedby=\"caption-attachment-1157\" style=\"width: 800px\" class=\"wp-caption aligncenter\"><img decoding=\"async\" loading=\"lazy\" class=\"wp-image-1157 size-full\" src=\"https:\/\/ciudadconalma.es\/madrid\/wp-content\/uploads\/sites\/2\/2024\/01\/Cabalgata-de-reyes-de-Madrid-01.jpg\" alt=\"Cabalgatas del D\u00eda de Reyes\" width=\"800\" height=\"454\" srcset=\"https:\/\/ciudadconalma.es\/madrid\/wp-content\/uploads\/sites\/2\/2024\/01\/Cabalgata-de-reyes-de-Madrid-01.jpg 800w, https:\/\/ciudadconalma.es\/madrid\/wp-content\/uploads\/sites\/2\/2024\/01\/Cabalgata-de-reyes-de-Madrid-01-300x170.jpg 300w, https:\/\/ciudadconalma.es\/madrid\/wp-content\/uploads\/sites\/2\/2024\/01\/Cabalgata-de-reyes-de-Madrid-01-768x436.jpg 768w, https:\/\/ciudadconalma.es\/madrid\/wp-content\/uploads\/sites\/2\/2024\/01\/Cabalgata-de-reyes-de-Madrid-01-750x426.jpg 750w\" sizes=\"(max-width: 800px) 100vw, 800px\" \/><figcaption id=\"caption-attachment-1157\" class=\"wp-caption-text\">Foto de Fernando Tribi\u00f1o \u00a9 Madrid Destino<\/figcaption><\/figure>\n<h3><strong>Cabalgatas en los distintos distritos<\/strong><\/h3>\n<h4><strong>Cabalgata de Chamart\u00edn<\/strong><\/h4>\n<p>Los tres Reyes Magos empezar\u00e1n su recorrido en Avenida P\u00edo XII, cerca del centro comercial, y pasar\u00e1n por la plaza de Per\u00fa, luego seguir\u00e1n por las calles Pr\u00edncipe de Vergara, L\u00f3pez de Hoyos, Nuremberg y Pradillo, terminando finalmente en el parque de Berl\u00edn. Ser\u00e1 el d\u00eda 3 y saldr\u00e1 a las 17:00h<\/p>\n<h4><strong>Cabalgata del distrito de Tetu\u00e1n <\/strong><\/h4>\n<p>El desfile de la cabalgata seguir\u00e1 a lo largo de la calle Bravo Murillo desde la rotonda de Cuatro Caminos hasta la oficina de la Junta Municipal de Tetu\u00e1n, en el n\u00famero 357. Desde las 18:00 h del jueves d\u00eda 4, habr\u00e1 un espect\u00e1culo para ni\u00f1os en la fachada de la Junta Municipal hasta la llegada de los Reyes Magos. Para concluir, habr\u00e1 una oportunidad para entregar cartas a Sus Majestades los Reyes de Oriente.<\/p>\n<h4><strong>Cabalgata de La Latina<\/strong><\/h4>\n<p>El 5 de enero a las 17:00h, los pajes y los Reyes Magos iniciar\u00e1n su recorrido desde la plaza de la Puerta del \u00c1ngel. El trayecto seguir\u00e1 por diversas calles como Alto de Extremadura, Higueras, Alhambra, Duquesa de Parcent, Camarena, Oca\u00f1a, pasando por el Intercambiador de Transportes de Aluche, luego por la avenida de Las \u00c1guilas hasta llegar a su destino final en la plaza Distrito Latina, cerca del edificio de la Junta de Latina. Al t\u00e9rmino del desfile, se llevar\u00e1 a cabo una fiesta con un espect\u00e1culo musical para toda la familia.<\/p>\n<h4><strong>Cabalgata de Carabanchel<\/strong><\/h4>\n<p>El desfile real de Carabanchel parte de la avenida de la Peseta y sigue su ruta por la avenida de Carabanchel Alto, atraviesa la avenida de los Poblados, Eugenia de Montijo, General Ricardos y finaliza en la glorieta de Marqu\u00e9s de Vadillo. En este punto, se llevar\u00e1 a cabo un espect\u00e1culo familiar y los Reyes Magos estar\u00e1n presentes para recibir a los ni\u00f1os. Ser\u00e1 el jueves 4 de enero, de 17 a 20:30 horas.<\/p>\n<h4><strong>Cabalgata de Ciudad Lineal<\/strong><\/h4>\n<p>La procesi\u00f3n comenzar\u00e1 en la avenida del Marqu\u00e9s de Corbera, cerca del puente de la M-30, y continuar\u00e1 por las calles Francisco Villaespesa, Ascao, Emilio Ferrari, Alcal\u00e1 hasta llegar a su fin en la avenida Instituci\u00f3n Libre de Ense\u00f1anza, en el n\u00famero 16, justo en frente de la Junta Municipal del Distrito de Ciudad Lineal. Una vez concluya la Cabalgata, los Reyes Magos se dirigir\u00e1n a los ni\u00f1os del distrito de Ciudad Lineal con algunas palabras en la plaza ubicada frente a la entrada principal de la Junta Municipal de Ciudad Lineal, en la avenida de la Instituci\u00f3n Libre de Ense\u00f1anza, n\u00famero 16. Ser\u00e1 el jueves 4 de enero, de 17:30 a 21:00 horas<\/p>\n<h4><strong>Cabalgata de Usera<\/strong><\/h4>\n<p>Los Reyes Magos de Oriente comenzar\u00e1n su recorrido desde el Centro Cultural San Ferm\u00edn, ubicado en la Avenida San Ferm\u00edn, n\u00famero 14. El desplazamiento continuar\u00e1 por la avenida de Andaluc\u00eda, luego la avenida de los Poblados y posteriormente la avenida Rafaela Ybarra. Durante el trayecto, se repartir\u00e1n caramelos en las calles Cristo de la Victoria, Santuario, Almendrales y Marcelo Usera. El punto final del recorrido ser\u00e1 en la Junta Municipal, situada en la Avenida Rafaela Ybarra, n\u00famero 41, donde se llevar\u00e1 a cabo una \u00abRecepci\u00f3n Real\u00bb y los ni\u00f1os tendr\u00e1n la oportunidad de entregar sus cartas a los Reyes Magos. Adem\u00e1s, se servir\u00e1 una chocolatada en la plaza de la explanada de la Junta Municipal de Usera.<\/p>\n<h4><strong>Cabalgata de Arganzuela<\/strong><\/h4>\n<p>La Cabalgata de Reyes de Arganzuela 2024 recorrer\u00e1 las calles del distrito el jueves 4 de enero a partir de las 17:00 horas con carrozas, veh\u00edculos decorados y pasacalles. El desfile comenzar\u00e1 su recorrido en la Junta Municipal del Distrito de Arganzuela, en Nave de Terneras, para terminar en la sede de la Oficina de Atenci\u00f3n a la Ciudadan\u00eda (OAC), Paseo de la Chopera 10.<\/p>\n<h4><strong>Cabalgata de Fuencarral-El Pardo<\/strong><\/h4>\n<p>En Fuencarral-El Pardo se celebrar\u00e1n dos cabalgatas por la extensi\u00f3n de este distrito: En Montecarmelo-Barrio del Pilar (Monforte de Lemos) y en Las Tablas.<\/p>\n<ul>\n<li><strong><em>La Cabalgata de Reyes Magos en Las Tablas <\/em><\/strong>tendr\u00e1 lugar el mi\u00e9rcoles 3 de enero de 2024 a las 17:30 horas. Estar\u00e1 compuesta por la Comitiva de los Reyes Magos acompa\u00f1ados de pasacalles de luz, artistas de circo y pompas de jab\u00f3n. <strong>Recorrido<\/strong>: Salida CSC Las Tablas, Avda Camino de Santiago, C\/ Viloria de la Rioja, Calle Sierra de Atapuerca, C\/ San Mill\u00e1n de la Cogolla, Avda. del Camino de Santiago, Avda. de Santo Domingo de la Calzada y Finalizaci\u00f3n en Feria de Navidad.<\/li>\n<li><strong><em>La Cabalgata de Reyes Magos de Montecarmelo-Barrio del Pilar (Monforte de Lemos) <\/em><\/strong>tendr\u00e1 lugar el jueves 4 de enero de 2024 a las 17:30 horas. Estar\u00e1 compuesta por la Comitiva de los Reyes Magos acompa\u00f1ados de pasacalles de luz, artistas de circo y pompas de jab\u00f3n. <strong>Recorrido<\/strong>: Avenida del Monasterio de Silos 24, Avenida Montecarmelo, Calle Afueras a Valverde, Calle Nuestra Se\u00f1ora de Valverde, Avenida del Llano Castellano, Calle Marcos de Orueta Calle de San Modesto, Puente Virgen de Bego\u00f1a, Calle de Pedro Rico y Llegada en la Junta Municipal, C\/ Monforte de Lemos 40<\/li>\n<\/ul>\n<h4><strong>Cabalgata de Villa de Vallecas<\/strong><\/h4>\n<p>La Cabalgata de Reyes de Villa de Vallecas 2024 recorrer\u00e1 las calles del distrito el jueves 4 de enero a partir de las 17:30 horas con carrozas, pasacalles y animaci\u00f3n. El recorrido ser\u00e1 el siguiente: Salida de Calle Rayo Vallecano de Madrid esquina con Avenida de las Suertes y final en la Rotonda al final del Paseo Federico Garc\u00eda Lorca con Calle Puerto de Porzuna a las 22:00 horas.<\/p>\n<h4><strong>Cabalgata multicultural en Villaverde<\/strong><\/h4>\n<p>La Cabalgata de Reyes de Villaverde 2024 recorrer\u00e1 las calles del distrito el viernes 5 de enero a partir de las 17:00 horas con un s\u00e9quito de representantes de pa\u00edses iberoamericanos, del lejano oriente o de la enigm\u00e1tica Africa, que mostrar\u00e1n sus tradiciones en estas fechas tan se\u00f1aladas. El recorrido ser\u00e1 este: Salida de carrozas desde la calle Estefanita, siguiendo por calle Zafiro, avenida de Los Rosales, calle Concepci\u00f3n de la Oliva, calle Campos Ib\u00e1\u00f1ez, calle Pilar Lorengar, calle Diamante, carretera de Villaverde a Vallecas, calle Villajoyosa, calle Ciudadan\u00eda, cruce con la avenida de Andaluc\u00eda, calle Bohemios, calle Manojo de Rosas, calle Virgen de los Desamparados, calle Alcocer, avenida Real de Pinto, calle Arroyo Bueno y calle Villalonso, para terminar en el paseo Plata y Casta\u00f1ar frente al auditorio.<\/p>\n<figure id=\"attachment_1158\" aria-describedby=\"caption-attachment-1158\" style=\"width: 800px\" class=\"wp-caption aligncenter\"><img decoding=\"async\" loading=\"lazy\" class=\"wp-image-1158 size-full\" src=\"https:\/\/ciudadconalma.es\/madrid\/wp-content\/uploads\/sites\/2\/2024\/01\/Cabalgata-de-Reyes-Madrid-2022-noticias-hoy-madrid.jpg\" alt=\"Cabalgatas del D\u00eda de Reyes\" width=\"800\" height=\"400\" srcset=\"https:\/\/ciudadconalma.es\/madrid\/wp-content\/uploads\/sites\/2\/2024\/01\/Cabalgata-de-Reyes-Madrid-2022-noticias-hoy-madrid.jpg 800w, https:\/\/ciudadconalma.es\/madrid\/wp-content\/uploads\/sites\/2\/2024\/01\/Cabalgata-de-Reyes-Madrid-2022-noticias-hoy-madrid-300x150.jpg 300w, https:\/\/ciudadconalma.es\/madrid\/wp-content\/uploads\/sites\/2\/2024\/01\/Cabalgata-de-Reyes-Madrid-2022-noticias-hoy-madrid-768x384.jpg 768w, https:\/\/ciudadconalma.es\/madrid\/wp-content\/uploads\/sites\/2\/2024\/01\/Cabalgata-de-Reyes-Madrid-2022-noticias-hoy-madrid-360x180.jpg 360w, https:\/\/ciudadconalma.es\/madrid\/wp-content\/uploads\/sites\/2\/2024\/01\/Cabalgata-de-Reyes-Madrid-2022-noticias-hoy-madrid-750x375.jpg 750w\" sizes=\"(max-width: 800px) 100vw, 800px\" \/><figcaption id=\"caption-attachment-1158\" class=\"wp-caption-text\">Foto sacada de la web <a href=\"https:\/\/elmiradordemadrid.es\/cabalgatas-madrid-capital-distritos-recorridos\/\" target=\"_blank\" rel=\"noopener\">www.elmiradordemadrid.es<\/a><\/figcaption><\/figure>\n<p>\u00a1Es momento de sumergirse en la magia de la Cabalgata! Las calles se llenar\u00e1n de color, m\u00fasica y alegr\u00eda mientras los Reyes Magos recorren nuestra ciudad. Salir a disfrutar de la cabalgata es sumergirse en un mar de ilusi\u00f3n, donde grandes y peque\u00f1os se contagian del esp\u00edritu festivo. No te pierdas la oportunidad de vivir este momento \u00fanico, de atrapar caramelos, saludar a los Reyes y ser parte de esta celebraci\u00f3n tan especial. \u00a1Ven, \u00fanete a la diversi\u00f3n y deja que la magia de este d\u00eda te envuelva!<\/p>\n","protected":false},"excerpt":{"rendered":"<p>Cabalgatas del D\u00eda de Reyes 2024 en Madrid Es una tradici\u00f3n \u00fanica en el mundo: los ni\u00f1os espa\u00f1oles, al levantarse el d\u00eda de la Epifan\u00eda, encuentran por arte de magia sus regalos en sus hogares, si se han portado bien, o carb\u00f3n si no han sido del todo buenos a lo largo del a\u00f1o. Durante [&hellip;]<\/p>\n","protected":false},"author":3,"featured_media":1159,"comment_status":"open","ping_status":"closed","sticky":false,"template":"","format":"standard","meta":[],"categories":[13],"tags":[455,454,29,116,150],"_links":{"self":[{"href":"https:\/\/ciudadconalma.es\/madrid\/wp-json\/wp\/v2\/posts\/1156"}],"collection":[{"href":"https:\/\/ciudadconalma.es\/madrid\/wp-json\/wp\/v2\/posts"}],"about":[{"href":"https:\/\/ciudadconalma.es\/madrid\/wp-json\/wp\/v2\/types\/post"}],"author":[{"embeddable":true,"href":"https:\/\/ciudadconalma.es\/madrid\/wp-json\/wp\/v2\/users\/3"}],"replies":[{"embeddable":true,"href":"https:\/\/ciudadconalma.es\/madrid\/wp-json\/wp\/v2\/comments?post=1156"}],"version-history":[{"count":2,"href":"https:\/\/ciudadconalma.es\/madrid\/wp-json\/wp\/v2\/posts\/1156\/revisions"}],"predecessor-version":[{"id":1170,"href":"https:\/\/ciudadconalma.es\/madrid\/wp-json\/wp\/v2\/posts\/1156\/revisions\/1170"}],"wp:featuredmedia":[{"embeddable":true,"href":"https:\/\/ciudadconalma.es\/madrid\/wp-json\/wp\/v2\/media\/1159"}],"wp:attachment":[{"href":"https:\/\/ciudadconalma.es\/madrid\/wp-json\/wp\/v2\/media?parent=1156"}],"wp:term":[{"taxonomy":"category","embeddable":true,"href":"https:\/\/ciudadconalma.es\/madrid\/wp-json\/wp\/v2\/categories?post=1156"},{"taxonomy":"post_tag","embeddable":true,"href":"https:\/\/ciudadconalma.es\/madrid\/wp-json\/wp\/v2\/tags?post=1156"}],"curies":[{"name":"wp","href":"https:\/\/api.w.org\/{rel}","templated":true}]}}