{"id":1097,"date":"2023-12-14T06:27:23","date_gmt":"2023-12-14T06:27:23","guid":{"rendered":"https:\/\/ciudadconalma.es\/madrid\/?p=1097"},"modified":"2023-12-14T06:27:23","modified_gmt":"2023-12-14T06:27:23","slug":"cuentacuentos-talleres-y-concursos-visten-de-navidad-las-bibliotecas-publicas-municipales","status":"publish","type":"post","link":"https:\/\/ciudadconalma.es\/madrid\/cuentacuentos-talleres-y-concursos-visten-de-navidad-las-bibliotecas-publicas-municipales\/","title":{"rendered":"Cuentacuentos, talleres y concursos visten de Navidad las bibliotecas p\u00fablicas municipales"},"content":{"rendered":"<h1><strong>Cuentacuentos, talleres y concursos visten de Navidad las bibliotecas p\u00fablicas municipales<\/strong><\/h1>\n<h2>La Navidad llega a las bibliotecas p\u00fablicas municipales a trav\u00e9s de cuentacuentos, talleres de manualidades, gu\u00edas de lecturas recomendadas, concursos y juegos.\u00a0 Estos centros dependientes del \u00c1rea de Cultura, Turismo y Deporte ofrecen distintas actividades gratuitas con tem\u00e1tica navide\u00f1a durante este mes de diciembre para lectores de todas las edades y rincones llenos de motivos navide\u00f1os.<\/h2>\n<p>Entre la programaci\u00f3n, destaca un calendario de bebecuentos (0 a 18) y cuentacuentos que recorre las bibliotecas municipales, as\u00ed como un taller de manualidades dirigido a p\u00fablico infantil, con edades comprendidas entre 5 y 9 a\u00f1os, con el que se estimula la imaginaci\u00f3n y la creatividad mediante la elaboraci\u00f3n de adornos navide\u00f1os utilizando distintos tipos de materiales. Otra de las actividades es un taller de juegos destinado a menores de entre 6 y 10 a\u00f1os. El objetivo de esta actividad es hacer un buen uso del tiempo libre, el trabajo en equipo y el fomento del compa\u00f1erismo.<\/p>\n<h3><strong>\u2018Homenaje a abuelitos\u2019<\/strong><\/h3>\n<p>Hasta el 15 de diciembre est\u00e1 abierta la inscripci\u00f3n en el \u2018homenaje a abuelitos\u2019, un taller para que los ni\u00f1os dediquen sus creaciones y dibujos a personas mayores de su entorno. Ser\u00e1 impartido por el ilustrador de libros infantiles y humor gr\u00e1fico Gustavo Mazali en la Biblioteca P\u00fablica Municipal de San Ferm\u00edn, en Usera. Partiendo de sus dibujos expuestos en la sala polivalente Gustavo guiar\u00e1 a los participantes en sus dibujos para realizar una felicitaci\u00f3n navide\u00f1a. El taller se desarrollar\u00e1 el s\u00e1bado y es una actividad familiar, abierta a la participaci\u00f3n de adultos acompa\u00f1antes. Edad recomendada: a partir de 5 a\u00f1os. Comenzar\u00e1 a las 12:00 h. Inscripciones de esta y otras actividades gratuitas a trav\u00e9s de <a href=\"https:\/\/www.madrid.es\/portales\/munimadrid\/es\/Inicio\/Cultura-ocio-y-deporte\/Navidad-en-Madrid\/Navidad-en-las-Bibliotecas-Publicas-Municipales\/Abuelitos-un-homenaje-a-la-tercera-edad\/?vgnextfmt=default&amp;vgnextoid=28257f35cb52c810VgnVCM1000001d4a900aRCRD&amp;vgnextchannel=072a7990ce34c810VgnVCM1000001d4a900aRCRD\" target=\"_blank\" rel=\"noopener\">este formulario<\/a>.<\/p>\n<p>\u2018Los mayores tambi\u00e9n cuentan\u2019 es otra de las actividades propuestas para estas Navidades, con las personas mayores como tel\u00f3n de fondo. En este caso, se trata de un taller de narraci\u00f3n oral destinado a mayores de 65 a\u00f1os, en el que podr\u00e1n pasar un buen rato en la biblioteca entre cuentos, adivinanzas y villancicos. Es una actividad gratuita y con entrada libre hasta completar el aforo, que se celebrar\u00e1 el jueves 21 de diciembre a partir de las 11:30 h en la Biblioteca P\u00fablica Municipal San Ferm\u00edn, en Usera. <a href=\"https:\/\/www.madrid.es\/portales\/munimadrid\/es\/Inicio\/Cultura-ocio-y-deporte\/Navidad-en-Madrid\/Navidad-en-las-Bibliotecas-Publicas-Municipales\/Cuentos-de-Navidad\/?vgnextfmt=default&amp;vgnextoid=9fd0f5623443c810VgnVCM2000001f4a900aRCRD&amp;vgnextchannel=072a7990ce34c810VgnVCM1000001d4a900aRCRD\" target=\"_blank\" rel=\"noopener\">M\u00e1s informaci\u00f3n.<\/a><\/p>\n<p><img decoding=\"async\" loading=\"lazy\" class=\"aligncenter size-full wp-image-1098\" src=\"https:\/\/ciudadconalma.es\/madrid\/wp-content\/uploads\/sites\/2\/2023\/12\/Actividades-Navidad-01.jpg\" alt=\"bibliotecas p\u00fablicas municipales\" width=\"800\" height=\"301\" srcset=\"https:\/\/ciudadconalma.es\/madrid\/wp-content\/uploads\/sites\/2\/2023\/12\/Actividades-Navidad-01.jpg 800w, https:\/\/ciudadconalma.es\/madrid\/wp-content\/uploads\/sites\/2\/2023\/12\/Actividades-Navidad-01-300x113.jpg 300w, https:\/\/ciudadconalma.es\/madrid\/wp-content\/uploads\/sites\/2\/2023\/12\/Actividades-Navidad-01-768x289.jpg 768w, https:\/\/ciudadconalma.es\/madrid\/wp-content\/uploads\/sites\/2\/2023\/12\/Actividades-Navidad-01-750x282.jpg 750w\" sizes=\"(max-width: 800px) 100vw, 800px\" \/><\/p>\n<h3><strong>Concurso tarjetas navide\u00f1as<\/strong><\/h3>\n<p>Hasta este viernes, 15 de diciembre, la Biblioteca P\u00fablica Municipal San Blas recoge tarjetas navide\u00f1as dentro de la primera edici\u00f3n de un <a href=\"https:\/\/www.madrid.es\/portales\/munimadrid\/es\/Inicio\/Cultura-ocio-y-deporte\/Navidad-en-Madrid\/Navidad-en-las-Bibliotecas-Publicas-Municipales\/I-Concurso-de-tarjetas-navidenas-de-la-Biblioteca-San-Blas\/?vgnextfmt=default&amp;vgnextoid=3cab471873ecb810VgnVCM2000001f4a900aRCRD&amp;vgnextchannel=072a7990ce34c810VgnVCM1000001d4a900aRCRD\" target=\"_blank\" rel=\"noopener\">certamen<\/a> que tiene el prop\u00f3sito de incentivar la creatividad, fomentar el uso de la biblioteca y celebrar las Navidades. Hay cuatro categor\u00edas de participaci\u00f3n que abarcan a p\u00fablico infantil y adulto, colegios de educaci\u00f3n especial, centros ocupacionales, centros de d\u00eda y asociaciones para personas con discapacidad. Las obras deber\u00e1n contener un dibujo con motivos navide\u00f1os y pueden ir acompa\u00f1adas o no de una felicitaci\u00f3n con texto.<\/p>\n<p>Otras bibliotecas municipales, como la Biblioteca P\u00fablica Gabriel Garc\u00eda M\u00e1rquez, tambi\u00e9n organizan <a href=\"https:\/\/www.madrid.es\/portales\/munimadrid\/es\/Inicio\/Cultura-ocio-y-deporte\/Navidad-en-Madrid\/Navidad-en-las-Bibliotecas-Publicas-Municipales\/Concurso-de-tarjetas-navidenas-Biblioteca-Gabriel-G-Marquez\/?vgnextfmt=default&amp;vgnextoid=58911622cb42c810VgnVCM2000001f4a900aRCRD&amp;vgnextchannel=072a7990ce34c810VgnVCM1000001d4a900aRCRD\" target=\"_blank\" rel=\"noopener\">concurso de tarjetas navide\u00f1as<\/a>. En este caso, abierto hasta el 5 de enero.<\/p>\n<h3><strong>Duelo y Navidad<\/strong><\/h3>\n<p>El duelo es un proceso doloroso natural y necesario que permite adaptarse a la vida y restablecer el equilibrio roto tras una p\u00e9rdida importante. Las fiestas navide\u00f1as son un periodo en el que se dificulta el proceso natural del duelo, debido a los recuerdos de los seres queridos. In\u00e9s Alonso Sep\u00falveda, a trav\u00e9s de Madrid Salud, explicar\u00e1 c\u00f3mo vivir la Navidad estando de duelo. Ser\u00e1 esta tarde, a las 17:00 h, en la Biblioteca P\u00fablica Mar\u00eda Zambrano, en Tetu\u00e1n, con <a href=\"https:\/\/www.madrid.es\/portales\/munimadrid\/es\/Inicio\/Cultura-ocio-y-deporte\/Navidad-en-Madrid\/Navidad-en-las-Bibliotecas-Publicas-Municipales\/Duelo-y-Navidad\/?vgnextfmt=default&amp;vgnextoid=b8783d3da8f1c810VgnVCM2000001f4a900aRCRD&amp;vgnextchannel=072a7990ce34c810VgnVCM1000001d4a900aRCRD\" target=\"_blank\" rel=\"noopener\">entrada libre hasta completar el aforo<\/a>.<\/p>\n<h3><strong>Aprende a envolver regalos<\/strong><\/h3>\n<p>A veces Papa Noel y los Reyes Magos necesitan un poquito de ayuda extra. Por eso, la Biblioteca P\u00fablica Municipal Iv\u00e1n de Vargas, en Centro, ha preparado un taller navide\u00f1o para aprender a envolver regalos. Las personas que quieran participar, pueden hacerlo a trav\u00e9s del formulario de <a href=\"https:\/\/www.madrid.es\/portales\/munimadrid\/es\/Inicio\/Cultura-ocio-y-deporte\/Navidad-en-Madrid\/Navidad-en-las-Bibliotecas-Publicas-Municipales\/Aprende-a-envolver-regalos\/?vgnextfmt=default&amp;vgnextoid=dfd5b95a60a3c810VgnVCM1000001d4a900aRCRD&amp;vgnextchannel=072a7990ce34c810VgnVCM1000001d4a900aRCRD\" target=\"_blank\" rel=\"noopener\">este enlace.<\/a> Deber\u00e1n de llevar sus paquetes y en la biblioteca les facilitar\u00e1n todos los materiales necesarios para proceder a envolver cajas, libros, ropa, botellas&#8230; Es una actividad para todos los p\u00fablicos, con inscripci\u00f3n abierta hasta el 23 de diciembre. El taller se desarrollar\u00e1 el mismo s\u00e1bado, a las 12:00 h.<\/p>\n<p>Esta misma biblioteca realizar\u00e1 un taller de elaboraci\u00f3n de adornos navide\u00f1os el martes 26 de diciembre, a las 12:00 h. Utilizando rollos de papel higi\u00e9nico, se crear\u00e1n diferentes figuras para colgar en el \u00e1rbol de Navidad. Mu\u00f1ecos de nieve, ciervos, ping\u00fcinos, Pap\u00e1 Noel o elfos&#8230; Actividad a partir de los 6 a\u00f1os con inscripci\u00f3n hasta el mismo d\u00eda 26, en <a href=\"https:\/\/www.madrid.es\/portales\/munimadrid\/es\/Inicio\/Cultura-ocio-y-deporte\/Navidad-en-Madrid\/Navidad-en-las-Bibliotecas-Publicas-Municipales\/Cajitas-navidenas\/?vgnextfmt=default&amp;vgnextoid=6003f838a534c810VgnVCM2000001f4a900aRCRD&amp;vgnextchannel=072a7990ce34c810VgnVCM1000001d4a900aRCRD\" target=\"_blank\" rel=\"noopener\">esta p\u00e1gina<\/a>.<\/p>\n<p><img decoding=\"async\" loading=\"lazy\" class=\"aligncenter size-full wp-image-1099\" src=\"https:\/\/ciudadconalma.es\/madrid\/wp-content\/uploads\/sites\/2\/2023\/12\/Centros-Navidad-01.jpg\" alt=\"bibliotecas p\u00fablicas municipales\" width=\"800\" height=\"301\" srcset=\"https:\/\/ciudadconalma.es\/madrid\/wp-content\/uploads\/sites\/2\/2023\/12\/Centros-Navidad-01.jpg 800w, https:\/\/ciudadconalma.es\/madrid\/wp-content\/uploads\/sites\/2\/2023\/12\/Centros-Navidad-01-300x113.jpg 300w, https:\/\/ciudadconalma.es\/madrid\/wp-content\/uploads\/sites\/2\/2023\/12\/Centros-Navidad-01-768x289.jpg 768w, https:\/\/ciudadconalma.es\/madrid\/wp-content\/uploads\/sites\/2\/2023\/12\/Centros-Navidad-01-750x282.jpg 750w\" sizes=\"(max-width: 800px) 100vw, 800px\" \/><\/p>\n<h3><strong>Centro de inter\u00e9s con tem\u00e1tica navide\u00f1a<\/strong><\/h3>\n<p>La biblioteca Ana Mar\u00eda Matute, en Carabanchel, dispone de un centro de inter\u00e9s con lecturas y audiovisuales para p\u00fablico infantil, decoraci\u00f3n con \u00e1rboles de Navidad y chimenea y gu\u00eda de lecturas recomendadas.<\/p>\n<p>Por su parte, la biblioteca Eugenio Tr\u00edas, en Retiro, acoger\u00e1 el 21 de diciembre una funci\u00f3n especial de radioteatro sobre Navidad, realizada por Audiodrama Colectivo, dirigido por Federico Volpini. Y el d\u00eda 22, un concierto de Navidad por El Arte que alimenta<\/p>\n<p>La decoraci\u00f3n navide\u00f1a de la biblioteca Gabriel Garc\u00eda M\u00e1rquez, en Usera, cuenta con un Buz\u00f3n Real para recoger cartas para los reyes magos y, tambi\u00e9n con trasfondo navide\u00f1o, la Biblioteca Manuel V\u00e1zquez Montalb\u00e1n, en Tetu\u00e1n, a\u00fan permite concursar en un certamen de Cuentos Cortos Navide\u00f1os. Hasta el 15 de diciembre, est\u00e1 abierto al p\u00fablico infantil de 6 a 14 a\u00f1os y habr\u00e1 3 categor\u00edas dependiendo de la edad.<\/p>\n<p>Junto a estas propuestas, las bibliotecas municipales han elaborado, adem\u00e1s, un cat\u00e1logo de lecturas recomendadas, sobre tem\u00e1tica navide\u00f1a. Puede consultarse en <a href=\"https:\/\/www.madrid.es\/portales\/munimadrid\/es\/Inicio\/Cultura-ocio-y-deporte\/Navidad-en-Madrid\/Navidad-en-las-Bibliotecas-Publicas-Municipales\/Lecturas-navidenas\/?vgnextfmt=default&amp;vgnextoid=aaf2a397c08c4810VgnVCM2000001f4a900aRCRD&amp;vgnextchannel=072a7990ce34c810VgnVCM1000001d4a900aRCRD\" target=\"_blank\" rel=\"noopener\">este enlace<\/a>.<\/p>\n<p>Se puede encontrar m\u00e1s informaci\u00f3n de todas las actividades en el <a href=\"https:\/\/www.madrid.es\/portales\/munimadrid\/es\/Inicio\/Cultura-ocio-y-deporte\/Navidad-en-Madrid\/Navidad-en-las-bibliotecas\/?vgnextfmt=default&amp;vgnextoid=aee6a397c08c4810VgnVCM2000001f4a900aRCRD&amp;vgnextchannel=08d97e557d22d710VgnVCM1000001d4a900aRCRD\" target=\"_blank\" rel=\"noopener\">especial navide\u00f1o elaborado por la red de Bibliotecas P\u00fablicas Municipales<\/a>, donde est\u00e1n detalladas las propuestas para recuperar y fomentar el placer por la lectura, el acceso a las distintas gu\u00edas y centros de inter\u00e9s navide\u00f1os, as\u00ed como otras actividades, proyecciones de pel\u00edculas, charlas, lecturas dramatizadas y concursos.<\/p>\n","protected":false},"excerpt":{"rendered":"<p>Cuentacuentos, talleres y concursos visten de Navidad las bibliotecas p\u00fablicas municipales La Navidad llega a las bibliotecas p\u00fablicas municipales a trav\u00e9s de cuentacuentos, talleres de manualidades, gu\u00edas de lecturas recomendadas, concursos y juegos.\u00a0 Estos centros dependientes del \u00c1rea de Cultura, Turismo y Deporte ofrecen distintas actividades gratuitas con tem\u00e1tica navide\u00f1a durante este mes de diciembre [&hellip;]<\/p>\n","protected":false},"author":3,"featured_media":1100,"comment_status":"open","ping_status":"closed","sticky":false,"template":"","format":"standard","meta":[],"categories":[137],"tags":[433,432,227,171,29,370,424,116,150,158,309],"_links":{"self":[{"href":"https:\/\/ciudadconalma.es\/madrid\/wp-json\/wp\/v2\/posts\/1097"}],"collection":[{"href":"https:\/\/ciudadconalma.es\/madrid\/wp-json\/wp\/v2\/posts"}],"about":[{"href":"https:\/\/ciudadconalma.es\/madrid\/wp-json\/wp\/v2\/types\/post"}],"author":[{"embeddable":true,"href":"https:\/\/ciudadconalma.es\/madrid\/wp-json\/wp\/v2\/users\/3"}],"replies":[{"embeddable":true,"href":"https:\/\/ciudadconalma.es\/madrid\/wp-json\/wp\/v2\/comments?post=1097"}],"version-history":[{"count":1,"href":"https:\/\/ciudadconalma.es\/madrid\/wp-json\/wp\/v2\/posts\/1097\/revisions"}],"predecessor-version":[{"id":1101,"href":"https:\/\/ciudadconalma.es\/madrid\/wp-json\/wp\/v2\/posts\/1097\/revisions\/1101"}],"wp:featuredmedia":[{"embeddable":true,"href":"https:\/\/ciudadconalma.es\/madrid\/wp-json\/wp\/v2\/media\/1100"}],"wp:attachment":[{"href":"https:\/\/ciudadconalma.es\/madrid\/wp-json\/wp\/v2\/media?parent=1097"}],"wp:term":[{"taxonomy":"category","embeddable":true,"href":"https:\/\/ciudadconalma.es\/madrid\/wp-json\/wp\/v2\/categories?post=1097"},{"taxonomy":"post_tag","embeddable":true,"href":"https:\/\/ciudadconalma.es\/madrid\/wp-json\/wp\/v2\/tags?post=1097"}],"curies":[{"name":"wp","href":"https:\/\/api.w.org\/{rel}","templated":true}]}}