{"id":1082,"date":"2023-12-11T06:06:23","date_gmt":"2023-12-11T06:06:23","guid":{"rendered":"https:\/\/ciudadconalma.es\/madrid\/?p=1082"},"modified":"2023-12-11T06:06:23","modified_gmt":"2023-12-11T06:06:23","slug":"el-ayuntamiento-presenta-un-completo-itinerario-para-conocer-y-disfrutar-los-belenes-mas-diversos","status":"publish","type":"post","link":"https:\/\/ciudadconalma.es\/madrid\/el-ayuntamiento-presenta-un-completo-itinerario-para-conocer-y-disfrutar-los-belenes-mas-diversos\/","title":{"rendered":"El Ayuntamiento presenta un completo itinerario para conocer y disfrutar los belenes m\u00e1s diversos"},"content":{"rendered":"<h1><strong>El <\/strong><strong>Ayuntamiento presenta un completo itinerario para conocer y disfrutar los belenes m\u00e1s diversos<\/strong><\/h1>\n<h2>La delegada de Cultura, Turismo y Deporte, Marta Rivera de la Cruz, ha visitado este s\u00e1bado el bel\u00e9n instalado en el Museo de Historia de Madrid, donde ha invitado a madrile\u00f1os y visitantes a descubrir la gran variedad de belenes que ofrece la ciudad a trav\u00e9s del completo itinerario propuesto por el Ayuntamiento.<\/h2>\n<p>Rivera de la Cruz ha destacado que los belenes constituyen \u201cuna tradici\u00f3n muy madrile\u00f1a\u201d, desde que Carlos III, conocido como el mejor alcalde de Madrid, los trajo de N\u00e1poles y los implant\u00f3 en Espa\u00f1a, y ha se\u00f1alado que en Madrid se pueden ver \u201cm\u00e1s de los que creemos\u201d. Para esta Navidad, el Consistorio ha editado una gu\u00eda, de 16 p\u00e1ginas, que recoge m\u00e1s de medio centenar de nacimientos de todos los estilos y en multitud de espacios, desde los m\u00e1s emblem\u00e1ticos de la ciudad hasta los de los diferentes distritos.<\/p>\n<p>Uno de los m\u00e1s espectaculares es el bel\u00e9n ofrecido por el Ayuntamiento hasta el pr\u00f3ximo 5 de enero en el Patio de Operaciones del Palacio de Cibeles. Una composici\u00f3n paisaj\u00edstica y escenogr\u00e1fica, obra de la Asociaci\u00f3n de Belenistas de Madrid y firmada por el maestro belenista Jos\u00e9 Luis Mayo, compuesto por 200 figuras de estilo hebreo y por m\u00e1s de 20 edificaciones en el que se recrean escenas de un nacimiento popular tradicional, con una morfolog\u00eda circular que permite su observaci\u00f3n desde cualquier punto de vista y que por primera vez incorpora el mar.<\/p>\n<p>Tambi\u00e9n<strong><a href=\"https:\/\/www.esmadrid.com\/agenda\/navidad-madrid\/belenes\" target=\"_blank\" rel=\"noopener\"> se podr\u00e1n visitar muchos de los belenes<\/a><\/strong> expuestos en museos, centros culturales, iglesias, auditorios, sedes de juntas municipales y espacios emblem\u00e1ticos. Entre ellos, destacan el del Museo de Historia de Madrid y el del Museo de San Isidro. El primero se trata de un bel\u00e9n napolitano integrado por m\u00e1s de cincuenta figuras humanas y animales, junto a accesorios, en el que se funden la evocaci\u00f3n de la Natividad de Jes\u00fas con la descripci\u00f3n naturalista de los usos y costumbres del pueblo napolitano en el siglo XVIII. La policrom\u00eda de las vestimentas y los m\u00faltiples accesorios sirven para expresar la variada condici\u00f3n social de los personajes: campesinos, burgueses, pastores, vendedores ambulantes, m\u00fasicos y la representaci\u00f3n del lujo de la corte oriental del s\u00e9quito de los Reyes Magos.<\/p>\n<p><img decoding=\"async\" loading=\"lazy\" class=\"aligncenter size-full wp-image-1083\" src=\"https:\/\/ciudadconalma.es\/madrid\/wp-content\/uploads\/sites\/2\/2023\/12\/belen_comunidad_madrid_sol_navidad_2023.jpg\" alt=\"belenes\" width=\"800\" height=\"406\" srcset=\"https:\/\/ciudadconalma.es\/madrid\/wp-content\/uploads\/sites\/2\/2023\/12\/belen_comunidad_madrid_sol_navidad_2023.jpg 800w, https:\/\/ciudadconalma.es\/madrid\/wp-content\/uploads\/sites\/2\/2023\/12\/belen_comunidad_madrid_sol_navidad_2023-300x152.jpg 300w, https:\/\/ciudadconalma.es\/madrid\/wp-content\/uploads\/sites\/2\/2023\/12\/belen_comunidad_madrid_sol_navidad_2023-768x390.jpg 768w, https:\/\/ciudadconalma.es\/madrid\/wp-content\/uploads\/sites\/2\/2023\/12\/belen_comunidad_madrid_sol_navidad_2023-750x381.jpg 750w\" sizes=\"(max-width: 800px) 100vw, 800px\" \/><\/p>\n<p>Por su parte, el del Museo de San Isidro, que se podr\u00e1 ver a partir del d\u00eda 12, es un bel\u00e9n castizo que cuenta con figuras que destacan la tradici\u00f3n belen\u00edstica en el siglo XIX. Personajes populares como la casta\u00f1era o el barquillero forman parte de este peque\u00f1o universo. El bel\u00e9n incorpora adem\u00e1s la figura de San Isidro, as\u00ed como algunos edificios madrile\u00f1os como la iglesia de San Andr\u00e9s y el Museo de San Isidro. Otra escenograf\u00eda muestra la Cueva de Bel\u00e9n y se incluye la figura de San Francisco.<\/p>\n<p>Otro emplazamiento para visitar belenes es La Monta\u00f1a de los Gatos del Parque de El Retiro, espacio que acoge esta Navidad un gran bel\u00e9n circular y una exposici\u00f3n con nacimientos procedentes de distintos rincones del mundo. La muestra <em>A Bel\u00e9n, venid, <\/em>impulsada por el \u00c1rea de Gobierno de Urbanismo, Medio Ambiente y Movilidad, se podr\u00e1 visitar hasta el 8 de enero de 2024. La entrada es gratuita y el horario se extiende entre las 11:00 y las 13:00 h y, por la tarde, entre las 18:00 y las 20:00 h.<\/p>\n<p>Tambi\u00e9n destacan los belenes de la Plaza Mayor, el Palacio Real, la Comunidad de Madrid, los monasterios de las Descalzas Reales, de la Encarnaci\u00f3n y de Santa Isabel, los Museos de Am\u00e9rica y de Artes Decorativas, el de la Bas\u00edlica Pontificia de San Miguel, el de la Catedral de Santa Mar\u00eda La Real de la Almudena, as\u00ed como los de las diferentes juntas de distrito. De igual modo, tambi\u00e9n se encuentran los de El Corte Ingl\u00e9s, que como cada a\u00f1o se suma al itinerario con los belenes de sus centros comerciales<\/p>\n","protected":false},"excerpt":{"rendered":"<p>El Ayuntamiento presenta un completo itinerario para conocer y disfrutar los belenes m\u00e1s diversos La delegada de Cultura, Turismo y Deporte, Marta Rivera de la Cruz, ha visitado este s\u00e1bado el bel\u00e9n instalado en el Museo de Historia de Madrid, donde ha invitado a madrile\u00f1os y visitantes a descubrir la gran variedad de belenes que [&hellip;]<\/p>\n","protected":false},"author":3,"featured_media":1084,"comment_status":"open","ping_status":"closed","sticky":false,"template":"","format":"standard","meta":[],"categories":[137],"tags":[29,370,424,116,150,158,309,427],"_links":{"self":[{"href":"https:\/\/ciudadconalma.es\/madrid\/wp-json\/wp\/v2\/posts\/1082"}],"collection":[{"href":"https:\/\/ciudadconalma.es\/madrid\/wp-json\/wp\/v2\/posts"}],"about":[{"href":"https:\/\/ciudadconalma.es\/madrid\/wp-json\/wp\/v2\/types\/post"}],"author":[{"embeddable":true,"href":"https:\/\/ciudadconalma.es\/madrid\/wp-json\/wp\/v2\/users\/3"}],"replies":[{"embeddable":true,"href":"https:\/\/ciudadconalma.es\/madrid\/wp-json\/wp\/v2\/comments?post=1082"}],"version-history":[{"count":1,"href":"https:\/\/ciudadconalma.es\/madrid\/wp-json\/wp\/v2\/posts\/1082\/revisions"}],"predecessor-version":[{"id":1085,"href":"https:\/\/ciudadconalma.es\/madrid\/wp-json\/wp\/v2\/posts\/1082\/revisions\/1085"}],"wp:featuredmedia":[{"embeddable":true,"href":"https:\/\/ciudadconalma.es\/madrid\/wp-json\/wp\/v2\/media\/1084"}],"wp:attachment":[{"href":"https:\/\/ciudadconalma.es\/madrid\/wp-json\/wp\/v2\/media?parent=1082"}],"wp:term":[{"taxonomy":"category","embeddable":true,"href":"https:\/\/ciudadconalma.es\/madrid\/wp-json\/wp\/v2\/categories?post=1082"},{"taxonomy":"post_tag","embeddable":true,"href":"https:\/\/ciudadconalma.es\/madrid\/wp-json\/wp\/v2\/tags?post=1082"}],"curies":[{"name":"wp","href":"https:\/\/api.w.org\/{rel}","templated":true}]}}