{"id":1075,"date":"2023-12-07T07:54:26","date_gmt":"2023-12-07T07:54:26","guid":{"rendered":"https:\/\/ciudadconalma.es\/madrid\/?p=1075"},"modified":"2023-12-07T07:54:26","modified_gmt":"2023-12-07T07:54:26","slug":"el-cine-clasico-un-autentico-regalo-de-navidad-en-cineteca-madrid-en-diciembre","status":"publish","type":"post","link":"https:\/\/ciudadconalma.es\/madrid\/el-cine-clasico-un-autentico-regalo-de-navidad-en-cineteca-madrid-en-diciembre\/","title":{"rendered":"El cine cl\u00e1sico, un aut\u00e9ntico regalo de Navidad, en Cineteca Madrid en diciembre"},"content":{"rendered":"<h1><strong>El cine cl\u00e1sico, un aut\u00e9ntico regalo de Navidad, en Cineteca Madrid en diciembre<\/strong><\/h1>\n<h2>Este mes de diciembre las salas de Cineteca Madrid, espacio del \u00c1rea de Cultura, Turismo y Deporte del Ayuntamiento de Madrid, se llenan de cl\u00e1sicos, con pel\u00edculas que marcaron un antes y un despu\u00e9s en la historia del cine, con grandes directores como Jane Campion, George Cukor, Sof\u00eda Coppola, Victor Fleming, John Ford, Howard Hawks, Alfred Hitchcock, John Huston, Elia Kazan, Stanley Kubrick, Ernst Lubitsch, Ida Lupino, Nicholas Ray, Steven Spielberg o Billy Wilder.<\/h2>\n<p>Adem\u00e1s, con motivo de la designaci\u00f3n de Estados Unidos como pa\u00eds invitado de la programaci\u00f3n municipal para estas navidades, Cineteca proyectar\u00e1 una serie de cl\u00e1sicos del cine estadounidense y pel\u00edculas con sabor a Navidad para disfrute de toda la familia.<\/p>\n<p>Y como complemento a la programaci\u00f3n especial de Navidad, junto a las secciones habituales, Cineteca Madrid se aproximar\u00e1 en este \u00faltimo mes del a\u00f1o a las nuevas voces del cine documental polaco, con la proyecci\u00f3n de tres documentales que invitan a releer la historia del siglo XX bajo el t\u00edtulo \u2018Miradas sobre la historia\u2019.<\/p>\n<h3><strong>Siempre cl\u00e1sicos<\/strong><\/h3>\n<p>Cineteca Madrid ha preparado el mejor regalo posible para los amantes del cine, que en diciembre podr\u00e1n disfrutar con once cl\u00e1sicos, con letras may\u00fasculas, de la historia del cine.<\/p>\n<p><em>Ninotchka, <\/em>la inolvidable comedia de Ernst Lubitsch protagonizada por Greta Garbo y Melvyn Douglas que sirvi\u00f3 como un exquisito aperitivo a la inminente Guerra Fr\u00eda, abrir\u00e1 el ciclo ma\u00f1ana martes d\u00eda 5 de diciembre, mientras que el drama de cine negro que supuso el debut como director de Nicholas Ray, <em>Los amantes de la noche, <\/em>se proyectar\u00e1 el d\u00eda 6 en la sala Azcona.<\/p>\n<p>Completando el irresistible plan de tarde para el puente de la Constituci\u00f3n se podr\u00e1n ver: <em>El autoestopista<\/em> de Ida Lupino, <em>Un tranv\u00eda llamado deseo<\/em> de Elia Kazan, <em>El sue\u00f1o eterno <\/em>de Howard Hawks y uno de los <em>westerns <\/em>por excelencia: <em>Centauros del desierto<\/em> de John Ford.<\/p>\n<p>En la antesala de las fechas navide\u00f1as, la Sala Azcona acoger\u00e1 la proyecci\u00f3n de <em>Rebeca<\/em>, el relato rom\u00e1ntico que le vali\u00f3 al genio Alfred Hitchcock su \u00fanico \u00d3scar a la mejor pel\u00edcula. <em>Malas tierras<\/em> de Terence Malick, <em>El piano<\/em> de Jane Campion y <em>Cayo Largo <\/em>de John Huston completan la oferta de grandes cl\u00e1sicos de Cineteca en diciembre, con la provocadora <em>Eyes Wide Shut <\/em>de Stanley Kubrick como broche final. <a href=\"https:\/\/www.cinetecamadrid.com\/secciones\/siempre-clasicos\" target=\"_blank\" rel=\"noopener\">M\u00e1s informaci\u00f3n<\/a>.<\/p>\n<p><img decoding=\"async\" loading=\"lazy\" class=\"aligncenter size-full wp-image-1078\" src=\"https:\/\/ciudadconalma.es\/madrid\/wp-content\/uploads\/sites\/2\/2023\/12\/Cineteca-Madrid-01.jpg\" alt=\"Cineteca Madrid\" width=\"800\" height=\"516\" srcset=\"https:\/\/ciudadconalma.es\/madrid\/wp-content\/uploads\/sites\/2\/2023\/12\/Cineteca-Madrid-01.jpg 800w, https:\/\/ciudadconalma.es\/madrid\/wp-content\/uploads\/sites\/2\/2023\/12\/Cineteca-Madrid-01-300x194.jpg 300w, https:\/\/ciudadconalma.es\/madrid\/wp-content\/uploads\/sites\/2\/2023\/12\/Cineteca-Madrid-01-768x495.jpg 768w, https:\/\/ciudadconalma.es\/madrid\/wp-content\/uploads\/sites\/2\/2023\/12\/Cineteca-Madrid-01-750x484.jpg 750w\" sizes=\"(max-width: 800px) 100vw, 800px\" \/><\/p>\n<h3><strong>Siempre cl\u00e1sicos Navidad<\/strong><\/h3>\n<p>Cada vez que se acerca el per\u00edodo navide\u00f1o cine y Navidad se han revelado como la combinaci\u00f3n perfecta para el p\u00fablico a lo largo de la historia. Pel\u00edculas enfocadas al p\u00fablico familiar que se han convertido en aut\u00e9nticos cl\u00e1sicos y obras de arte que cuentan en sus argumentos con la Navidad como tel\u00f3n de fondo y que configuran, en su mayor\u00eda, la lista de 12 proyecciones que Cineteca Madrid ha seleccionado para este mes de diciembre.<\/p>\n<p>Abre el ciclo <em>Polar Express<\/em> de Robert Zemeckis, con el incombustible Tom Hanks como protagonista, en la matinal del domingo 10 de diciembre. Le seguir\u00e1n dos versiones cinematogr\u00e1ficas del cl\u00e1sico de la literatura universal de Dickens <em>Cuento de Navidad<\/em>, dirigidas con m\u00e1s de 70 a\u00f1os de diferencia por Edwin L. Martin y el propio Zemeckis. El superh\u00e9roe murci\u00e9lago sobrevolar\u00e1 la Sala Azcona el s\u00e1bado 23, con la pel\u00edcula de Tim Burton <em>Batman<\/em>, con un Jack Nicholson espectacular en el papel de Joker.<\/p>\n<p>Completar\u00e1n el programa t\u00edtulos tan variados como <em>Cita en St. Louis <\/em>de Vincente Minelli, <em>A.I. Inteligencia artificial<\/em> de Steven Spielberg, <em>El mago de Oz <\/em>de Victor Fleming, <em>Ha nacido una estrella <\/em>de George Cukor, <em>El apartamento <\/em>de Billy Wilder y <em>Ciudadano Kane<\/em> de Orson Welles. El gran Bill Murray protagonizar\u00e1 por partida doble las proyecciones previas a la noche de Reyes los d\u00edas 4 y 5 de enero con <em>Lost in translation <\/em>de Sof\u00eda Coppola y <em>Atrapado en el tiempo<\/em> de Harold Ramis. <a href=\"https:\/\/www.cinetecamadrid.com\/ciclo\/siempre-clasicos-navidad-2023\" target=\"_blank\" rel=\"noopener\">M\u00e1s informaci\u00f3n.<\/a><\/p>\n<p><strong> <img decoding=\"async\" loading=\"lazy\" class=\"aligncenter size-full wp-image-1077\" src=\"https:\/\/ciudadconalma.es\/madrid\/wp-content\/uploads\/sites\/2\/2023\/12\/Cineteca-Madrid-02.jpg\" alt=\"Cineteca Madrid\" width=\"800\" height=\"450\" srcset=\"https:\/\/ciudadconalma.es\/madrid\/wp-content\/uploads\/sites\/2\/2023\/12\/Cineteca-Madrid-02.jpg 800w, https:\/\/ciudadconalma.es\/madrid\/wp-content\/uploads\/sites\/2\/2023\/12\/Cineteca-Madrid-02-300x169.jpg 300w, https:\/\/ciudadconalma.es\/madrid\/wp-content\/uploads\/sites\/2\/2023\/12\/Cineteca-Madrid-02-768x432.jpg 768w, https:\/\/ciudadconalma.es\/madrid\/wp-content\/uploads\/sites\/2\/2023\/12\/Cineteca-Madrid-02-750x422.jpg 750w\" sizes=\"(max-width: 800px) 100vw, 800px\" \/><\/strong><\/p>\n<h3><strong>Nuevo documental polaco: miradas sobre la historia<\/strong><\/h3>\n<p>Cineteca Madrid y AVA Arts Foundation, en colaboraci\u00f3n con la Embajada de la Rep\u00fablica de Polonia, el Instituto Polaco de Cultura y el Instituto Adam Mickiewicz, traen esta muestra de tres documentales polacos con testimonios y perspectivas sobre la historia hasta ahora desconocidas.<\/p>\n<p>Proyectados por primera vez en Espa\u00f1a en pantalla grande, estas muestras de cine documental de Polonia ofrecer\u00e1n tres miradas in\u00e9ditas sobre el horror del Holocausto que reivindican la importancia de perpetuar la memoria de las v\u00edctimas del genocidio, especialmente hoy, cuando se cumplen 80 a\u00f1os desde el levantamiento en el gueto de Varsovia mientras el mundo sigue siendo testigo de violentos conflictos y guerras.<\/p>\n<p>El documental de Mateusz Kudla y Anna Kokoszka-Romer <em>Polanski, Horowitz. Hometown <\/em>repasa el viaje del director de cine Roman Polanski y el fot\u00f3grafo Ryszard Horowitz a Polonia para compartir los recuerdos m\u00e1s personales de su infancia y juventud. <em>Varsovia, la ciudad dividida<\/em> de Eric Bednarski, muestra las sobrecogedoras im\u00e1genes cotidianas a ambos lados de la muralla del gueto de Varsovia obtenidas por un joven polaco que pone en riesgo su vida. Por \u00faltimo, en el documental de Jolanta Dylewska <em>Marek Edelman\u2026 y hubo amor en el gueto, <\/em>el \u00faltimo l\u00edder superviviente del levantamiento del gueto de Varsovia habla del amor en los tiempos de la guerra. <a href=\"https:\/\/www.cinetecamadrid.com\/ciclo\/nuevo-documental-polaco-miradas-sobre-la-historia\" target=\"_blank\" rel=\"noopener\">M\u00e1s informaci\u00f3n<\/a>.<\/p>\n<p><img decoding=\"async\" loading=\"lazy\" class=\"aligncenter size-full wp-image-1076\" src=\"https:\/\/ciudadconalma.es\/madrid\/wp-content\/uploads\/sites\/2\/2023\/12\/Cineteca-Madrid-03.jpg\" alt=\"Cineteca Madrid\" width=\"800\" height=\"545\" srcset=\"https:\/\/ciudadconalma.es\/madrid\/wp-content\/uploads\/sites\/2\/2023\/12\/Cineteca-Madrid-03.jpg 800w, https:\/\/ciudadconalma.es\/madrid\/wp-content\/uploads\/sites\/2\/2023\/12\/Cineteca-Madrid-03-300x204.jpg 300w, https:\/\/ciudadconalma.es\/madrid\/wp-content\/uploads\/sites\/2\/2023\/12\/Cineteca-Madrid-03-768x523.jpg 768w, https:\/\/ciudadconalma.es\/madrid\/wp-content\/uploads\/sites\/2\/2023\/12\/Cineteca-Madrid-03-750x511.jpg 750w\" sizes=\"(max-width: 800px) 100vw, 800px\" \/><\/p>\n<h3><strong>Estrenos<\/strong><\/h3>\n<p>La secci\u00f3n de estrenos para este mes en Cineteca acercar\u00e1 la historia de superaci\u00f3n y crecimiento de las integrantes de la selecci\u00f3n espa\u00f1ola femenina de baloncesto en silla de ruedas en <em>Cabeza y Coraz\u00f3n<\/em>, de las directoras Ainhoa Andraka y Zuri Goikoetxea.<\/p>\n<p><em>El retablo de las maravillas. Apuntes para una pel\u00edcula sobre el Quijote<\/em> volver\u00e1 la vista a la primavera de 2020 desde la perspectiva del director madrile\u00f1o Guillermo G. Peydr\u00f3, que protagonizar\u00e1 el coloquio posterior a la proyecci\u00f3n. Completan la secci\u00f3n el retrato costumbrista ambientado en las monta\u00f1as asturianas de Somiedo<em> Muyeres <\/em>de Marta Lallana, <em>Quest <\/em>de Antonina Obrador, rodada en Mallorca y la hogare\u00f1a y vitalista <em>Una zona ajardinada demasiado tranquila para m\u00ed <\/em>de Alejandro V\u00e1zquez San Miguel. <a href=\"https:\/\/www.cinetecamadrid.com\/secciones\/estrenos\" target=\"_blank\" rel=\"noopener\">M\u00e1s informaci\u00f3n<\/a>.<\/p>\n<h3><strong>Ciclos y pases especiales<\/strong><\/h3>\n<p>El ciclo Luis Argeo. Destino Am\u00e9rica, reunir\u00e1 tres pel\u00edculas que documentan la emigraci\u00f3n de trabajadores asturianos a Estados Unidos a lo largo del siglo XX. Afincados en California, Florida y Virginia, sus herederos se esfuerzan hoy en d\u00eda por mantener vivas sus ra\u00edces, sus tradiciones y su lugar en la historia, encarnando la intersecci\u00f3n del pasado y el presente en las comunidades americanas de origen espa\u00f1ol. <a href=\"https:\/\/www.cinetecamadrid.com\/ciclo\/luis-argeo-destino-america\">M\u00e1s informaci\u00f3n<\/a>. Las proyecciones de<em> El dulce sabor del \u00e9xito, Luci\u00e9rnagas <\/em>y<em> El g\u00e9nero chico <\/em>son las tres pel\u00edculas elegidas para protagonizar los pases especiales de diciembre en Cineteca Madrid.<\/p>\n<h3><strong>\u00a0<\/strong><strong>Festivales y secciones habituales<\/strong><\/h3>\n<p>Completan la programaci\u00f3n de Cineteca Madrid las obras de diversos festivales cinematogr\u00e1ficos como el 13\u00ba Festival Internacional de Cine de Madrid M\u00e1rgenes 2023 y el VII Festival Internacional de Cine por la Memoria Democr\u00e1tica Fescimed.<\/p>\n<p>No faltar\u00e1n en la programaci\u00f3n las habituales secciones Cineteca en familia, Docma -con la proyecci\u00f3n de <em>Velocidad de escape-<\/em>, As\u00ed son las cosas, Pr\u00f3xima parada o Relatos del ruido. Por su parte La Noche Z traer\u00e1 la inveros\u00edmil <em>Bela Lugosi contra el gorila<\/em>, protagonizada por el actor fetiche famoso por su interpretaci\u00f3n del personaje de Dr\u00e1cula.<\/p>\n<p>Salvo las sesiones con recomendaci\u00f3n expresa de edad, la programaci\u00f3n de Cineteca Madrid no est\u00e1 recomendada para menores de 16 a\u00f1os. La programaci\u00f3n de diciembre incluye la proyecci\u00f3n de <em>Un tranv\u00eda llamado deseo<\/em>\u00a0(Elia Kazan, EEUU, 1951), <em>Malas tierras<\/em>\u00a0(Terrence Malick, EEUU, 1973)\u00a0y <em>Eyes Wide Shut<\/em>\u00a0(Stanley Kubrick, Reino Unido-EEUU, 1999), t\u00edtulos no recomendados para menores de 18 a\u00f1os.<\/p>\n","protected":false},"excerpt":{"rendered":"<p>El cine cl\u00e1sico, un aut\u00e9ntico regalo de Navidad, en Cineteca Madrid en diciembre Este mes de diciembre las salas de Cineteca Madrid, espacio del \u00c1rea de Cultura, Turismo y Deporte del Ayuntamiento de Madrid, se llenan de cl\u00e1sicos, con pel\u00edculas que marcaron un antes y un despu\u00e9s en la historia del cine, con grandes directores [&hellip;]<\/p>\n","protected":false},"author":3,"featured_media":1079,"comment_status":"open","ping_status":"closed","sticky":false,"template":"","format":"standard","meta":[],"categories":[13],"tags":[170,367,426,29,116,150,158,309],"_links":{"self":[{"href":"https:\/\/ciudadconalma.es\/madrid\/wp-json\/wp\/v2\/posts\/1075"}],"collection":[{"href":"https:\/\/ciudadconalma.es\/madrid\/wp-json\/wp\/v2\/posts"}],"about":[{"href":"https:\/\/ciudadconalma.es\/madrid\/wp-json\/wp\/v2\/types\/post"}],"author":[{"embeddable":true,"href":"https:\/\/ciudadconalma.es\/madrid\/wp-json\/wp\/v2\/users\/3"}],"replies":[{"embeddable":true,"href":"https:\/\/ciudadconalma.es\/madrid\/wp-json\/wp\/v2\/comments?post=1075"}],"version-history":[{"count":1,"href":"https:\/\/ciudadconalma.es\/madrid\/wp-json\/wp\/v2\/posts\/1075\/revisions"}],"predecessor-version":[{"id":1080,"href":"https:\/\/ciudadconalma.es\/madrid\/wp-json\/wp\/v2\/posts\/1075\/revisions\/1080"}],"wp:featuredmedia":[{"embeddable":true,"href":"https:\/\/ciudadconalma.es\/madrid\/wp-json\/wp\/v2\/media\/1079"}],"wp:attachment":[{"href":"https:\/\/ciudadconalma.es\/madrid\/wp-json\/wp\/v2\/media?parent=1075"}],"wp:term":[{"taxonomy":"category","embeddable":true,"href":"https:\/\/ciudadconalma.es\/madrid\/wp-json\/wp\/v2\/categories?post=1075"},{"taxonomy":"post_tag","embeddable":true,"href":"https:\/\/ciudadconalma.es\/madrid\/wp-json\/wp\/v2\/tags?post=1075"}],"curies":[{"name":"wp","href":"https:\/\/api.w.org\/{rel}","templated":true}]}}