{"id":1055,"date":"2023-11-30T05:01:51","date_gmt":"2023-11-30T05:01:51","guid":{"rendered":"https:\/\/ciudadconalma.es\/madrid\/?p=1055"},"modified":"2023-11-30T05:01:51","modified_gmt":"2023-11-30T05:01:51","slug":"madrid-acogera-la-16a-conferencia-espanola-passivhaus-para-el-sector-de-la-construccion","status":"publish","type":"post","link":"https:\/\/ciudadconalma.es\/madrid\/madrid-acogera-la-16a-conferencia-espanola-passivhaus-para-el-sector-de-la-construccion\/","title":{"rendered":"Madrid acoger\u00e1 la 16\u00aa Conferencia Espa\u00f1ola Passivhaus para el sector de la construcci\u00f3n"},"content":{"rendered":"<h1><strong>Madrid acoger\u00e1 la 16\u00aa Conferencia Espa\u00f1ola Passivhaus para el sector de la construcci\u00f3n<\/strong><\/h1>\n<h2>El <a href=\"https:\/\/www.madrid.es\/portales\/munimadrid\/es\/Inicio\/El-Ayuntamiento\/Area-de-Gobierno-de-Politicas-de-Vivienda\/?vgnextfmt=default&amp;vgnextoid=92627421b274c610VgnVCM2000001f4a900aRCRD&amp;vgnextchannel=ce069e242ab26010VgnVCM100000dc0ca8c0RCRD\" target=\"_blank\" rel=\"noopener\">\u00c1rea de Pol\u00edticas de Vivienda<\/a> ha recibido el relevo para formar parte, el pr\u00f3ximo a\u00f1o, de los organizadores de la 16\u00aa Conferencia Espa\u00f1ola Passivhaus en Madrid. Celebrada este a\u00f1o en Valencia, esta conferencia, organizada por la Plataforma de Edificaci\u00f3n Passivhaus (PEP), es el principal evento anual de \u00e1mbito nacional y de referencia en el campo de la alta eficiencia energ\u00e9tica y el m\u00e1ximo confort en la edificaci\u00f3n. Se trata de un foro de encuentro del sector de la construcci\u00f3n, t\u00e9cnicos, administraci\u00f3n, fabricantes y en general todos los agentes implicados en el proceso de dise\u00f1o, promoci\u00f3n, construcci\u00f3n y uso de edificaciones.<\/h2>\n<p>La Plataforma de Edificaci\u00f3n Passivhaus, que cuenta con m\u00e1s de 800 socios, es una asociaci\u00f3n sin \u00e1nimo de lucro que se dedica a la divulgaci\u00f3n del est\u00e1ndar Passivhaus y de edificios de alto confort y m\u00e1xima eficiencia energ\u00e9tica. El Passivhaus es un est\u00e1ndar internacional de certificaci\u00f3n energ\u00e9tica voluntaria para edificios de obra nueva y rehabilitaci\u00f3n, que busca un m\u00e1ximo confort para los usuarios, una buena calidad del aire interior, y un consumo energ\u00e9tico casi nulo.<\/p>\n<p>Actualmente, el Ayuntamiento de Madrid, a trav\u00e9s del \u00c1rea de Pol\u00edticas de Vivienda, est\u00e1 impulsando en todas sus actuaciones, tanto de construcci\u00f3n como de rehabilitaci\u00f3n, la eficiencia energ\u00e9tica. Por ello, en el Plan Rehabilita 2023, como novedad este a\u00f1o, se subvencionan hasta el 80 % las medidas de rehabilitaci\u00f3n que supongan una mejora de la eficiencia energ\u00e9tica en el conjunto del edificio, mediante la inclusi\u00f3n de medidas pasivas en la envolvente t\u00e9rmica, de forma que tras la actuaci\u00f3n practicada se consigan al menos los umbrales homologables a la certificaci\u00f3n PassivHaus, que deber\u00e1n ser comprobados por una Entidad de Control de Calidad de la Edificaci\u00f3n, debidamente registrada.<\/p>\n<p><img decoding=\"async\" loading=\"lazy\" class=\"aligncenter size-full wp-image-1056\" src=\"https:\/\/ciudadconalma.es\/madrid\/wp-content\/uploads\/sites\/2\/2023\/11\/arquitectura.jpg\" alt=\"Conferencia Espa\u00f1ola Passivhaus\" width=\"800\" height=\"600\" srcset=\"https:\/\/ciudadconalma.es\/madrid\/wp-content\/uploads\/sites\/2\/2023\/11\/arquitectura.jpg 800w, https:\/\/ciudadconalma.es\/madrid\/wp-content\/uploads\/sites\/2\/2023\/11\/arquitectura-300x225.jpg 300w, https:\/\/ciudadconalma.es\/madrid\/wp-content\/uploads\/sites\/2\/2023\/11\/arquitectura-768x576.jpg 768w, https:\/\/ciudadconalma.es\/madrid\/wp-content\/uploads\/sites\/2\/2023\/11\/arquitectura-750x563.jpg 750w\" sizes=\"(max-width: 800px) 100vw, 800px\" \/><\/p>\n<p>Adem\u00e1s, el Ayuntamiento de Madrid impulsa de manera activa el desarrollo de proyectos Passivhaus desde la Oficina Verde, informando y asesorando a las comunidades de vecinos y empresas sobre los beneficios de la rehabilitaci\u00f3n energ\u00e9tica. La Oficina Verde mantiene una colaboraci\u00f3n permanente con la plataforma PEP intercambiando conocimientos t\u00e9cnicos que redundan en una mejor informaci\u00f3n al ciudadano.<\/p>\n<p>En cuanto a la Empresa Municipal de la Vivienda y Suelo (EMVS Madrid), ya son 25 las viviendas pertenecientes a la promoci\u00f3n Carabanchel 34 que cuentan con el sello energ\u00e9tico Passivhaus. Adem\u00e1s, las 32 promociones en marcha de la EMVS Madrid cumplen todas con el objetivo de \u2018energ\u00eda positiva\u2019, la normativa fijada en la Directiva Europea 2010\/31\/UE.<\/p>\n<p>Los proyectos Passivhaus incluyen sistemas que supone el aprovechamiento de la luz solar, la reducci\u00f3n dr\u00e1stica de los consumos energ\u00e9ticos, los procesos de ventilaci\u00f3n natural de las casas pasivas, es decir, de las viviendas con un consumo casi nulo, as\u00ed como la reducci\u00f3n en los costes de producci\u00f3n y construcci\u00f3n de las mismas.<\/p>\n<p>El dise\u00f1o, la construcci\u00f3n, las medidas pasivas (como las envolventes de fachadas SATE que proporcionan un mejor aislamiento t\u00e9rmico y ac\u00fastico) y las activas (como la aerotermia o los sistemas de energ\u00edas renovables), ensayos de hermeticidad, ventilaci\u00f3n, el confort ac\u00fastico y t\u00e9rmico, as\u00ed como el incremento del valor de mercado de este tipo de viviendas son algunas de las ventajas de la aplicaci\u00f3n de proyectos Passivhaus.<\/p>\n","protected":false},"excerpt":{"rendered":"<p>Madrid acoger\u00e1 la 16\u00aa Conferencia Espa\u00f1ola Passivhaus para el sector de la construcci\u00f3n El \u00c1rea de Pol\u00edticas de Vivienda ha recibido el relevo para formar parte, el pr\u00f3ximo a\u00f1o, de los organizadores de la 16\u00aa Conferencia Espa\u00f1ola Passivhaus en Madrid. Celebrada este a\u00f1o en Valencia, esta conferencia, organizada por la Plataforma de Edificaci\u00f3n Passivhaus (PEP), [&hellip;]<\/p>\n","protected":false},"author":3,"featured_media":1057,"comment_status":"open","ping_status":"closed","sticky":false,"template":"","format":"standard","meta":[],"categories":[137],"tags":[419,98,126,415,130,416,420,417,418,29],"_links":{"self":[{"href":"https:\/\/ciudadconalma.es\/madrid\/wp-json\/wp\/v2\/posts\/1055"}],"collection":[{"href":"https:\/\/ciudadconalma.es\/madrid\/wp-json\/wp\/v2\/posts"}],"about":[{"href":"https:\/\/ciudadconalma.es\/madrid\/wp-json\/wp\/v2\/types\/post"}],"author":[{"embeddable":true,"href":"https:\/\/ciudadconalma.es\/madrid\/wp-json\/wp\/v2\/users\/3"}],"replies":[{"embeddable":true,"href":"https:\/\/ciudadconalma.es\/madrid\/wp-json\/wp\/v2\/comments?post=1055"}],"version-history":[{"count":1,"href":"https:\/\/ciudadconalma.es\/madrid\/wp-json\/wp\/v2\/posts\/1055\/revisions"}],"predecessor-version":[{"id":1058,"href":"https:\/\/ciudadconalma.es\/madrid\/wp-json\/wp\/v2\/posts\/1055\/revisions\/1058"}],"wp:featuredmedia":[{"embeddable":true,"href":"https:\/\/ciudadconalma.es\/madrid\/wp-json\/wp\/v2\/media\/1057"}],"wp:attachment":[{"href":"https:\/\/ciudadconalma.es\/madrid\/wp-json\/wp\/v2\/media?parent=1055"}],"wp:term":[{"taxonomy":"category","embeddable":true,"href":"https:\/\/ciudadconalma.es\/madrid\/wp-json\/wp\/v2\/categories?post=1055"},{"taxonomy":"post_tag","embeddable":true,"href":"https:\/\/ciudadconalma.es\/madrid\/wp-json\/wp\/v2\/tags?post=1055"}],"curies":[{"name":"wp","href":"https:\/\/api.w.org\/{rel}","templated":true}]}}