{"id":185,"date":"2024-04-23T16:31:19","date_gmt":"2024-04-23T14:31:19","guid":{"rendered":"https:\/\/ciudadconalma.es\/granada\/?p=185"},"modified":"2024-04-23T16:31:19","modified_gmt":"2024-04-23T14:31:19","slug":"expresiones-granainas","status":"publish","type":"post","link":"https:\/\/ciudadconalma.es\/granada\/expresiones-granainas\/","title":{"rendered":"Expresiones granainas"},"content":{"rendered":"<h1><strong>Expresiones granainas<\/strong><\/h1>\n<h2>\u00a1En Espa\u00f1a cada rinconcito tiene sus rarezas, sobre todo si nos ponemos a hablar de c\u00f3mo se expresan, hasta a nivel de pueblo! Por ejemplo, en Granada, \u00a1ni te cuento! Tienen unas palabras que si no est\u00e1s pilas, te quedas m\u00e1s perdido que un pulpo en un garaje. \u00bfTe imaginas?<\/h2>\n<p>Es como un club exclusivo de palabras que solo los locales entienden. Si no est\u00e1s en la onda, \u00a1prep\u00e1rate para sentirte como un extraterrestre! Por eso, hemos reunido las <a href=\"https:\/\/www.ideal.es\/granada\/palabras-granainas-usas-menudo-darte-cuenta-20240109114648-nt.html?ref=https%3A%2F%2Fwww.ideal.es%2Fgranada%2Fpalabras-granainas-usas-menudo-darte-cuenta-20240109114648-nt.html\" target=\"_blank\" rel=\"noopener\">palabras<\/a> m\u00e1s \u00abtrendy\u00bb de Granada, las que te hacen sentirte uno m\u00e1s del \u00abclan\u00bb.<\/p>\n<h3><strong><u>Listado<\/u><\/strong><\/h3>\n<p><strong>Aeh<\/strong><\/p>\n<p>Esta expresi\u00f3n suele usarse al terminar de hablar. El significado podr\u00eda traducirse como un &#8216;sabes&#8217;, para preguntar si el oyente ha comprendido lo que se est\u00e1 contando.<\/p>\n<p><strong>Apollardao<\/strong><\/p>\n<p>Se le dice a alguien que est\u00e1 algo despistado o atontado.<\/p>\n<p><strong>Arsina<\/strong><\/p>\n<p>El autob\u00fas, sin m\u00e1s. Esta palabra deriva de la propia compa\u00f1\u00eda que gestiona los viajes en autobuses, la desaparecida\u00a0Alsina-Graells, que fue integrada en el grupo Alsa. Cada vez tiene menos uso, ya que mayormente es caracter\u00edstico de aquellas personas de m\u00e1s edad.<\/p>\n<p><strong>Bocan\u00e1<\/strong><\/p>\n<p>Se usa cuando se quiere informar a otra persona que lo que acaba de decir es una tonter\u00eda.<\/p>\n<p><strong>Bulanico<\/strong><\/p>\n<p>En primavera Granada se llena de este peque\u00f1o algod\u00f3n que flota en el ambiente arrastrado por el aire. Al ser tan peque\u00f1o puede que se introduzca en los orificios respiratorios.<\/p>\n<p><strong>Bulla<\/strong><\/p>\n<p>Se usa cuando se tiene prisa en hacer algo o en llegar a alg\u00fan sitio.<\/p>\n<p><strong>Calamonazo<\/strong><\/p>\n<p>Es un golpe en la cabeza.<\/p>\n<p><strong>Chavea<\/strong><\/p>\n<p>Es la forma a la que se llama a un joven en los \u00faltimos a\u00f1os antes de ser mayor de edad.<\/p>\n<p><strong>Chispitilla<\/strong><\/p>\n<p>Se usa como unidad de medida. Normalmente es cuando se usa una cantidad muy baja.<\/p>\n<p><strong>Chumin\u00e1<\/strong><\/p>\n<p>Muy parecido a &#8216;<em>bocan\u00e1<\/em>&#8216;. Se designa cuando algo es una tonter\u00eda, sobre todo a objetos que nos puede parecer inservibles.<\/p>\n<figure id=\"attachment_186\" aria-describedby=\"caption-attachment-186\" style=\"width: 800px\" class=\"wp-caption aligncenter\"><img decoding=\"async\" loading=\"lazy\" class=\"size-full wp-image-186\" src=\"http:\/\/ciudadconalma.es\/granada\/wp-content\/uploads\/sites\/3\/2024\/04\/original_2-estaciones-2-641789-2-2-1.jpg\" alt=\"Expresiones granainas\" width=\"800\" height=\"800\" srcset=\"https:\/\/ciudadconalma.es\/granada\/wp-content\/uploads\/sites\/3\/2024\/04\/original_2-estaciones-2-641789-2-2-1.jpg 800w, https:\/\/ciudadconalma.es\/granada\/wp-content\/uploads\/sites\/3\/2024\/04\/original_2-estaciones-2-641789-2-2-1-300x300.jpg 300w, https:\/\/ciudadconalma.es\/granada\/wp-content\/uploads\/sites\/3\/2024\/04\/original_2-estaciones-2-641789-2-2-1-150x150.jpg 150w, https:\/\/ciudadconalma.es\/granada\/wp-content\/uploads\/sites\/3\/2024\/04\/original_2-estaciones-2-641789-2-2-1-768x768.jpg 768w, https:\/\/ciudadconalma.es\/granada\/wp-content\/uploads\/sites\/3\/2024\/04\/original_2-estaciones-2-641789-2-2-1-75x75.jpg 75w, https:\/\/ciudadconalma.es\/granada\/wp-content\/uploads\/sites\/3\/2024\/04\/original_2-estaciones-2-641789-2-2-1-350x350.jpg 350w, https:\/\/ciudadconalma.es\/granada\/wp-content\/uploads\/sites\/3\/2024\/04\/original_2-estaciones-2-641789-2-2-1-750x750.jpg 750w\" sizes=\"(max-width: 800px) 100vw, 800px\" \/><figcaption id=\"caption-attachment-186\" class=\"wp-caption-text\">Foto sacada de la web <a href=\"https:\/\/lacasitadecoco.com\/producto\/taza-estaciones-granainas\/\" target=\"_blank\" rel=\"noopener\">www.lacasitadecoco.com<\/a><\/figcaption><\/figure>\n<p><strong>Cipollo<\/strong><\/p>\n<p>Se usa para describir a un sujeto que suele estar molestando y que tiene falta de gracia.<\/p>\n<p><strong>Conti coneso<\/strong><\/p>\n<p>Expresi\u00f3n que expresa advertencia y precauci\u00f3n sobre un suceso que puede ocurrir.<\/p>\n<p><strong>Cuchi<\/strong><\/p>\n<p>Denota sorpresa. Sustituye a car\u00e1mba.<\/p>\n<p><strong>Ehnortao<\/strong><\/p>\n<p>Se le dice a una persona que est\u00e1 distra\u00edda.<\/p>\n<p><strong>Encartar<\/strong><\/p>\n<p>Sirve para indicar si algo viene bien o no a una persona.<\/p>\n<p><strong>Engurru\u00f1\u00edo<\/strong><\/p>\n<p>Igual a taca\u00f1o.<\/p>\n<p><strong>Enmallao<\/strong><\/p>\n<p>Cuando se tiene hambre.<\/p>\n<p><strong>Foh<\/strong><\/p>\n<p>Cuando algo no sale bien o se est\u00e1 en contra se suele usar esta interjecci\u00f3n.<\/p>\n<p><strong>La V\u00edn<\/strong><\/p>\n<p>Expresa asombro ante un suceso o hecho. Se puede acompa\u00f1ar de &#8216;<em>compae<\/em>&#8216;, que sirve para referenciar si el asombro viene por culpa de otra persona o si se est\u00e1 en ese momento con alguien y se le quiere compartir el asombro.<\/p>\n<p><strong>Mandao (Hacer un mandao \/ mandaillo)<\/strong><\/p>\n<p>Se usa cuando alguien no quiere describir detalladamente lo que va a hacer. Normalmente se designa cuando la tarea requiere salir de casa.<\/p>\n<p><strong>Mihilla<\/strong><\/p>\n<p>Unidad de medida similar a &#8216;<em>chispitilla<\/em>&#8216;. Se usa para designar una cantidad muy peque\u00f1a.<\/p>\n<p><strong>No ni n\u00e1<\/strong><\/p>\n<p>Expresi\u00f3n que significa afirmaci\u00f3n pero con una connotaci\u00f3n ir\u00f3nica.<\/p>\n<p><strong>Pech\u00e1<\/strong><\/p>\n<p>Unidad de medida que se usa para designar una cantidad muy grande.<\/p>\n<p><strong>Pollas<\/strong><\/p>\n<p>La palabra que m\u00e1s se escucha por toda Granada. Es una palabra polifac\u00e9tica, pues se usa para una gran cantidad de situaciones. Sustituye pronombres, objetos o describe malestar o enfado.<\/p>\n<p><strong>Regomello<\/strong><\/p>\n<p>Sentimiento de preocupaci\u00f3n ante un posible suceso que le pueda suceder a otra persona.<\/p>\n<p>&nbsp;<\/p>\n<p>Y recuerda, si alguna vez te encuentras perdido entre las calles de Granada y no entiendes ni papa de lo que est\u00e1n diciendo, \u00a1no te preocupes! Solo son palabras nuevas esperando a ser descubiertas. \u00a1Ahora ya est\u00e1s listo para unirte al club de los \u00abgranainos\u00bb m\u00e1s aut\u00e9nticos! \u00a1Que no te pille el toro!<\/p>\n","protected":false},"excerpt":{"rendered":"<p>Expresiones granainas \u00a1En Espa\u00f1a cada rinconcito tiene sus rarezas, sobre todo si nos ponemos a hablar de c\u00f3mo se expresan, hasta a nivel de pueblo! Por ejemplo, en Granada, \u00a1ni te cuento! Tienen unas palabras que si no est\u00e1s pilas, te quedas m\u00e1s perdido que un pulpo en un garaje. \u00bfTe imaginas? Es como un [&hellip;]<\/p>\n","protected":false},"author":3,"featured_media":187,"comment_status":"open","ping_status":"open","sticky":false,"template":"","format":"standard","meta":[],"categories":[1],"tags":[56,14,57,59,58],"_links":{"self":[{"href":"https:\/\/ciudadconalma.es\/granada\/wp-json\/wp\/v2\/posts\/185"}],"collection":[{"href":"https:\/\/ciudadconalma.es\/granada\/wp-json\/wp\/v2\/posts"}],"about":[{"href":"https:\/\/ciudadconalma.es\/granada\/wp-json\/wp\/v2\/types\/post"}],"author":[{"embeddable":true,"href":"https:\/\/ciudadconalma.es\/granada\/wp-json\/wp\/v2\/users\/3"}],"replies":[{"embeddable":true,"href":"https:\/\/ciudadconalma.es\/granada\/wp-json\/wp\/v2\/comments?post=185"}],"version-history":[{"count":1,"href":"https:\/\/ciudadconalma.es\/granada\/wp-json\/wp\/v2\/posts\/185\/revisions"}],"predecessor-version":[{"id":188,"href":"https:\/\/ciudadconalma.es\/granada\/wp-json\/wp\/v2\/posts\/185\/revisions\/188"}],"wp:featuredmedia":[{"embeddable":true,"href":"https:\/\/ciudadconalma.es\/granada\/wp-json\/wp\/v2\/media\/187"}],"wp:attachment":[{"href":"https:\/\/ciudadconalma.es\/granada\/wp-json\/wp\/v2\/media?parent=185"}],"wp:term":[{"taxonomy":"category","embeddable":true,"href":"https:\/\/ciudadconalma.es\/granada\/wp-json\/wp\/v2\/categories?post=185"},{"taxonomy":"post_tag","embeddable":true,"href":"https:\/\/ciudadconalma.es\/granada\/wp-json\/wp\/v2\/tags?post=185"}],"curies":[{"name":"wp","href":"https:\/\/api.w.org\/{rel}","templated":true}]}}