{"id":161,"date":"2024-04-23T15:04:57","date_gmt":"2024-04-23T13:04:57","guid":{"rendered":"https:\/\/ciudadconalma.es\/granada\/?p=161"},"modified":"2024-04-23T15:04:57","modified_gmt":"2024-04-23T13:04:57","slug":"sumergete-en-la-tradicion-corpus-christi-en-granada-una-semana-de-encanto","status":"publish","type":"post","link":"https:\/\/ciudadconalma.es\/granada\/sumergete-en-la-tradicion-corpus-christi-en-granada-una-semana-de-encanto\/","title":{"rendered":"Sum\u00e9rgete en la tradici\u00f3n: Corpus Christi en Granada, una semana de encanto"},"content":{"rendered":"<h1><strong>Sum\u00e9rgete en la tradici\u00f3n: Corpus Christi en Granada, una semana de encanto<\/strong><\/h1>\n<h3>Cuando te encuentres en Granada durante la semana del <a href=\"https:\/\/www.granadadirect.com\/fiestas\/corpus-christi-granada\/#:~:text=Este%20a%C3%B1o%202024%20las%20fiestas,los%20comercios%20en%20la%20ciudad.\" target=\"_blank\" rel=\"noopener\">Corpus Christi<\/a>, tendr\u00e1s la oportunidad de sumergirte en una de nuestras celebraciones m\u00e1s emblem\u00e1ticas. Esta festividad, arraigada en la tradici\u00f3n de la ciudad, ofrece una experiencia \u00fanica. Adem\u00e1s, durante este tiempo, tambi\u00e9n celebramos la animada Feria de Granada. \u00bfTe gustar\u00eda conocer m\u00e1s detalles sobre esta emocionante celebraci\u00f3n?<\/h3>\n<h3><strong>Or\u00edgenes<\/strong><\/h3>\n<p>El D\u00eda del Corpus Christi en Granada no tiene una fecha fija, sino que se celebra el primer jueves despu\u00e9s de la novena luna llena del a\u00f1o. Su origen se remonta a la \u00e9poca de los Reyes Cat\u00f3licos, quienes, al conquistar Granada, decidieron establecer una festividad para promover la religi\u00f3n cat\u00f3lica en la ciudad, que en ese entonces era predominantemente musulmana.<\/p>\n<p>Para ello, eligieron uno de los momentos m\u00e1s significativos de la fe cristiana: la instituci\u00f3n de la Eucarist\u00eda, donde Jes\u00fas comparti\u00f3 el pan y el vino con sus disc\u00edpulos. Quer\u00edan llevar esta alegr\u00eda a las calles de Granada y ganar adeptos a la nueva religi\u00f3n. As\u00ed, decidieron que la celebraci\u00f3n durara toda una semana, combinando el D\u00eda del Corpus Christi con la Feria de Granada y otras tradiciones locales \u00fanicas.<\/p>\n<p>Estas festividades son espectaculares, pero para disfrutarlas plenamente es importante comprender su significado y contexto hist\u00f3rico.<\/p>\n<h3><strong><u>Qu\u00e9 hacer el D\u00eda del Corpus Christi\u00a0<\/u><\/strong><\/h3>\n<h4><strong>La Tarasca: un pasacalles \u00fanico en Granada<\/strong><\/h4>\n<p>Durante la semana del Corpus Christi en Granada, uno de los eventos m\u00e1s esperados es la Salida de la Tarasca. Se trata de una impresionante figura femenina, cuidadosamente vestida por un destacado profesional de la moda, que desfila por las calles montada en un drag\u00f3n, conocido como la Tarasca, en honor a la legendaria historia de Santa Marta.<\/p>\n<p>Seg\u00fan la leyenda, este temible drag\u00f3n causaba estragos por donde pasaba, hasta que Santa Marta logr\u00f3 calmarlo con sus plegarias, lo que result\u00f3 en la conversi\u00f3n de muchos al catolicismo.<\/p>\n<p>La Tarasca no est\u00e1 sola en su recorrido por Granada. Es escoltada por una corte de gigantes y cabezudos, quienes distribuyen globos entre los m\u00e1s peque\u00f1os. La popularidad de este desfile es tal que las escuelas y empresas suelen adelantar sus actividades para poder disfrutar de este espect\u00e1culo pensado para toda la familia.<\/p>\n<p>El recorrido habitual incluye puntos emblem\u00e1ticos de la ciudad como el Ayuntamiento de Granada, la Gran V\u00eda, la Plaza de la Romanilla, la Plaza de la Trinidad, entre otros, brindando as\u00ed una experiencia inolvidable para los espectadores.<\/p>\n<h4><strong>La procesi\u00f3n<\/strong><\/h4>\n<p>Para los habitantes de Granada, el Jueves del Corpus Christi representa la festividad m\u00e1s destacada del a\u00f1o. En esta ocasi\u00f3n, la ciudad se engalana para una procesi\u00f3n \u00fanica que parte de la majestuosa Catedral y recorre el centro antes de retornar a su punto de origen.<\/p>\n<p>Durante este d\u00eda especial, Granada se transforma en un espect\u00e1culo de colores y fragancias. Las calles se adornan con toldos y se cubren con alfombras de hierba fresca, romero y otras plantas arom\u00e1ticas, creando una atm\u00f3sfera sensorial \u00fanica. Es una jornada en la que los granadinos combinan la alegr\u00eda del mi\u00e9rcoles con un profundo sentimiento religioso el jueves.<\/p>\n<p>En medio de esta sinfon\u00eda de colores y aromas, la ciudad revive figuras emblem\u00e1ticas como la Tarasca, los gigantes y cabezudos, as\u00ed como s\u00edmbolos que rinden homenaje a los Reyes Cat\u00f3licos y su legado. Tambi\u00e9n se suman bailarines y bailarinas que danzan al comp\u00e1s de la \u00abreja\u00bb, una danza flamenca local.<\/p>\n<p>Destacando entre la procesi\u00f3n est\u00e1 la custodia, una antigua urna que resguarda las obleas de pan destinadas a la Eucarist\u00eda. Esta es llevada a hombros por los granadinos, seguida por devotos, autoridades locales, mujeres ataviadas con la tradicional mantilla y ni\u00f1os vestidos para la ocasi\u00f3n. Es un d\u00eda de comuni\u00f3n y celebraci\u00f3n, donde la ciudad entera se une en honor a esta importante festividad religiosa.<\/p>\n<p><img decoding=\"async\" loading=\"lazy\" class=\"aligncenter size-full wp-image-162\" src=\"http:\/\/ciudadconalma.es\/granada\/wp-content\/uploads\/sites\/3\/2024\/04\/Corpues-Christi.jpg\" alt=\"Corpus Christi\" width=\"800\" height=\"639\" srcset=\"https:\/\/ciudadconalma.es\/granada\/wp-content\/uploads\/sites\/3\/2024\/04\/Corpues-Christi.jpg 800w, https:\/\/ciudadconalma.es\/granada\/wp-content\/uploads\/sites\/3\/2024\/04\/Corpues-Christi-300x240.jpg 300w, https:\/\/ciudadconalma.es\/granada\/wp-content\/uploads\/sites\/3\/2024\/04\/Corpues-Christi-768x613.jpg 768w, https:\/\/ciudadconalma.es\/granada\/wp-content\/uploads\/sites\/3\/2024\/04\/Corpues-Christi-750x599.jpg 750w\" sizes=\"(max-width: 800px) 100vw, 800px\" \/><\/p>\n<h4><strong>Actividades para toda la familia<\/strong><\/h4>\n<p>Durante la semana del Corpus Christi en Granada, la diversi\u00f3n para los m\u00e1s peque\u00f1os est\u00e1 garantizada con una variedad de actividades dise\u00f1adas especialmente para ellos. Adem\u00e1s del conocido Festival de Marionetas y T\u00edteres en la Plaza Bib-Rambla, donde se puede disfrutar de espect\u00e1culos encantadores, hay una amplia gama de opciones.<\/p>\n<p>Los ni\u00f1os pueden deleitarse con carruseles ecol\u00f3gicos, participar en talleres creativos, ser cautivados por magos, escuchar cuentos fascinantes en sesiones de cuentacuentos y sumergirse en emocionantes juegos en el Corpus infantil del centro de la ciudad.<\/p>\n<p>En la caseta Municipal del Ferial, se ofrecen meriendas saludables y se organiza un animado concurso de pintura que seguro despertar\u00e1 la creatividad de los peque\u00f1os artistas. Adem\u00e1s, en muchos parques de la ciudad, se llevan a cabo actividades y propuestas interesantes para disfrutar en familia, ofreciendo as\u00ed un sinf\u00edn de oportunidades para que los ni\u00f1os se diviertan y vivan experiencias inolvidables durante su estancia en Granada en esta \u00e9poca del a\u00f1o.<\/p>\n<h4><strong>Feria de Granada<\/strong><\/h4>\n<p>El coraz\u00f3n de la celebraci\u00f3n late con fuerza en el recinto ferial, ubicado en el Barrio del Almanj\u00e1yar. Aqu\u00ed, encontrar\u00e1s una gran cantidad de casetas abiertas al p\u00fablico y emocionantes atracciones donde podr\u00e1s disfrutar de bebida, comida, baile y momentos de diversi\u00f3n.<\/p>\n<p>La energ\u00eda festiva nunca disminuye, con desfiles de majestuosos caballos y vistosas carrozas por las ma\u00f1anas, actividades dise\u00f1adas especialmente para el p\u00fablico infantil durante las tardes, y un ambiente festivo que impregna las casetas durante las noches.<\/p>\n<p>El cl\u00edmax llega en la medianoche del domingo, con un espectacular espect\u00e1culo de fuegos artificiales y el tradicional \u00abtrueno gordo\u00bb, marcando as\u00ed el fin de la celebraci\u00f3n hasta el pr\u00f3ximo a\u00f1o. \u00bfNo te parece un plan extraordinario para disfrutar al m\u00e1ximo de la fiesta del Corpus Christi en Granada?<\/p>\n","protected":false},"excerpt":{"rendered":"<p>Sum\u00e9rgete en la tradici\u00f3n: Corpus Christi en Granada, una semana de encanto Cuando te encuentres en Granada durante la semana del Corpus Christi, tendr\u00e1s la oportunidad de sumergirte en una de nuestras celebraciones m\u00e1s emblem\u00e1ticas. Esta festividad, arraigada en la tradici\u00f3n de la ciudad, ofrece una experiencia \u00fanica. Adem\u00e1s, durante este tiempo, tambi\u00e9n celebramos la [&hellip;]<\/p>\n","protected":false},"author":3,"featured_media":163,"comment_status":"open","ping_status":"open","sticky":false,"template":"","format":"standard","meta":[],"categories":[1],"tags":[53,54,14,18,19,20],"_links":{"self":[{"href":"https:\/\/ciudadconalma.es\/granada\/wp-json\/wp\/v2\/posts\/161"}],"collection":[{"href":"https:\/\/ciudadconalma.es\/granada\/wp-json\/wp\/v2\/posts"}],"about":[{"href":"https:\/\/ciudadconalma.es\/granada\/wp-json\/wp\/v2\/types\/post"}],"author":[{"embeddable":true,"href":"https:\/\/ciudadconalma.es\/granada\/wp-json\/wp\/v2\/users\/3"}],"replies":[{"embeddable":true,"href":"https:\/\/ciudadconalma.es\/granada\/wp-json\/wp\/v2\/comments?post=161"}],"version-history":[{"count":1,"href":"https:\/\/ciudadconalma.es\/granada\/wp-json\/wp\/v2\/posts\/161\/revisions"}],"predecessor-version":[{"id":164,"href":"https:\/\/ciudadconalma.es\/granada\/wp-json\/wp\/v2\/posts\/161\/revisions\/164"}],"wp:featuredmedia":[{"embeddable":true,"href":"https:\/\/ciudadconalma.es\/granada\/wp-json\/wp\/v2\/media\/163"}],"wp:attachment":[{"href":"https:\/\/ciudadconalma.es\/granada\/wp-json\/wp\/v2\/media?parent=161"}],"wp:term":[{"taxonomy":"category","embeddable":true,"href":"https:\/\/ciudadconalma.es\/granada\/wp-json\/wp\/v2\/categories?post=161"},{"taxonomy":"post_tag","embeddable":true,"href":"https:\/\/ciudadconalma.es\/granada\/wp-json\/wp\/v2\/tags?post=161"}],"curies":[{"name":"wp","href":"https:\/\/api.w.org\/{rel}","templated":true}]}}